{"id":13036,"date":"2017-11-04T14:00:38","date_gmt":"2017-11-04T17:00:38","guid":{"rendered":"http:\/\/www.rincondelbulla.cl\/portal\/?p=13036"},"modified":"2017-11-04T14:00:38","modified_gmt":"2017-11-04T17:00:38","slug":"la-u-fue-mas-chora-en-valparaiso","status":"publish","type":"post","link":"http:\/\/www.rincondelbulla.cl\/portal\/2017\/11\/04\/la-u-fue-mas-chora-en-valparaiso\/","title":{"rendered":"La \u00abU\u00bb fue m\u00e1s &#8216;chora&#8217; en Valpara\u00edso"},"content":{"rendered":"<figure id=\"attachment_13037\" aria-describedby=\"caption-attachment-13037\" style=\"width: 1280px\" class=\"wp-caption alignnone\"><img loading=\"lazy\" decoding=\"async\" class=\"size-full wp-image-13037\" src=\"http:\/\/www.rincondelbulla.cl\/portal\/wp-content\/uploads\/2017\/11\/IMG-20171104-WA0022.jpg\" alt=\"\" width=\"1280\" height=\"853\" srcset=\"http:\/\/www.rincondelbulla.cl\/portal\/wp-content\/uploads\/2017\/11\/IMG-20171104-WA0022.jpg 1280w, http:\/\/www.rincondelbulla.cl\/portal\/wp-content\/uploads\/2017\/11\/IMG-20171104-WA0022-300x200.jpg 300w, http:\/\/www.rincondelbulla.cl\/portal\/wp-content\/uploads\/2017\/11\/IMG-20171104-WA0022-768x512.jpg 768w, http:\/\/www.rincondelbulla.cl\/portal\/wp-content\/uploads\/2017\/11\/IMG-20171104-WA0022-1200x800.jpg 1200w, http:\/\/www.rincondelbulla.cl\/portal\/wp-content\/uploads\/2017\/11\/IMG-20171104-WA0022-696x464.jpg 696w, http:\/\/www.rincondelbulla.cl\/portal\/wp-content\/uploads\/2017\/11\/IMG-20171104-WA0022-1068x712.jpg 1068w, http:\/\/www.rincondelbulla.cl\/portal\/wp-content\/uploads\/2017\/11\/IMG-20171104-WA0022-630x420.jpg 630w\" sizes=\"auto, (max-width: 1280px) 100vw, 1280px\" \/><figcaption id=\"caption-attachment-13037\" class=\"wp-caption-text\">Foto: Ren\u00e9 Saez<\/figcaption><\/figure>\n<p><strong>Con la solitaria anotaci\u00f3n de Ubilla, los azules se metieron moment\u00e1neamente en el liderato del Transici\u00f3n y de paso dej\u00f3 atr\u00e1s diez a\u00f1os sin triunfos en Playa Ancha.<\/strong><!--more--><\/p>\n<p>En el primer tiempo no hubo importantes acciones de peligro. A rescatar, un par de intervenciones de Johnny Herrera y un confuso incidente entre Mauricio Pinilla y un reportero gr\u00e1fico, que termin\u00f3 con una millonaria perdida en su material de trabajo para el profesional de la prensa.<\/p>\n<p>La apertura de la cuenta para la \u201cU\u201d lleg\u00f3 en los 51 minutos, tras un centro al \u00e1rea de Christian Vilches, quien se visti\u00f3 de habilitador, y Sebasti\u00e1n Ubilla de cabeza dej\u00f3 sin opci\u00f3n al portero Castell\u00f3n.<\/p>\n<p>En los 65, ingres\u00f3 David Pizarro a la cancha, luego de una semana que no estuvo exenta de pol\u00e9micas, luego de las declaraciones de un dirigente caturro, quien lo tild\u00f3 de \u00abtraidor\u00bb y llam\u00f3 a la fanaticada local a volver hostil el regreso del \u00abFantasista\u00bb a Valpara\u00edso.<\/p>\n<p>La \u00abU\u00bb se vio en problemas a diecis\u00e9is minutos del final, cuando por doble tarjeta amarilla Jonathan Zacar\u00eda fue expulsado, dejando en inferioridad num\u00e9rica al equipo.<\/p>\n<p>Con estos tres importantes puntos, Universidad de Chile se mete en la punta del torneo, a la espera de lo que hagan los otros dos aspirantes, quienes juegan entre si este domingo. De paso, dej\u00f3 atr\u00e1s\u00a0diez a\u00f1os sin conocer de victorias en Valpara\u00edso.<\/p>\n<p>En la pr\u00f3xima fecha, tras el extenso receso, los universitarios recibir\u00e1n al Audax Italiano en el Estadio Nacional.<\/p>\n<p>Azules y Caturros se volver\u00e1n a ver las caras el pr\u00f3ximo fin de semana, pero esta vez por la final de Copa Chile MTS 2017. Ser\u00e1 el s\u00e1bado 11 de noviembre, desde las 17:00 hrs., en el Estadio Bicentenario Ester Roa Rebolledo de Concepci\u00f3n.<\/p>\n","protected":false},"excerpt":{"rendered":"<p>Con la solitaria anotaci\u00f3n de Ubilla, los azules se metieron moment\u00e1neamente en el liderato del Transici\u00f3n y de paso dej\u00f3 atr\u00e1s diez a\u00f1os sin triunfos en Playa Ancha.<\/p>\n","protected":false},"author":21382,"featured_media":13037,"comment_status":"closed","ping_status":"open","sticky":false,"template":"","format":"standard","meta":{"footnotes":""},"categories":[18],"tags":[454,475,399,1265,818,880,1094,111,879,41,987,631,157,150,118,1092,294,156],"class_list":{"0":"post-13036","1":"post","2":"type-post","3":"status-publish","4":"format-standard","5":"has-post-thumbnail","7":"category-actualidad","8":"tag-actualidad","9":"tag-audax-italiano","10":"tag-azules","11":"tag-caturros","12":"tag-christian-vilches","13":"tag-concepcion","14":"tag-copa-chile-mts-2017","15":"tag-david-pizarro","16":"tag-estadio-ester-roa-rebolledo","17":"tag-johnny-herrera","18":"tag-jonathan-zacaria","19":"tag-mauricio-pinilla","20":"tag-portada","21":"tag-santiago-wanderers","22":"tag-sebastian-ubilla","23":"tag-torneo-transicion-2017","24":"tag-u-de-chile","25":"tag-universidad-de-chile"},"_links":{"self":[{"href":"http:\/\/www.rincondelbulla.cl\/portal\/wp-json\/wp\/v2\/posts\/13036","targetHints":{"allow":["GET"]}}],"collection":[{"href":"http:\/\/www.rincondelbulla.cl\/portal\/wp-json\/wp\/v2\/posts"}],"about":[{"href":"http:\/\/www.rincondelbulla.cl\/portal\/wp-json\/wp\/v2\/types\/post"}],"author":[{"embeddable":true,"href":"http:\/\/www.rincondelbulla.cl\/portal\/wp-json\/wp\/v2\/users\/21382"}],"replies":[{"embeddable":true,"href":"http:\/\/www.rincondelbulla.cl\/portal\/wp-json\/wp\/v2\/comments?post=13036"}],"version-history":[{"count":2,"href":"http:\/\/www.rincondelbulla.cl\/portal\/wp-json\/wp\/v2\/posts\/13036\/revisions"}],"predecessor-version":[{"id":13039,"href":"http:\/\/www.rincondelbulla.cl\/portal\/wp-json\/wp\/v2\/posts\/13036\/revisions\/13039"}],"wp:featuredmedia":[{"embeddable":true,"href":"http:\/\/www.rincondelbulla.cl\/portal\/wp-json\/wp\/v2\/media\/13037"}],"wp:attachment":[{"href":"http:\/\/www.rincondelbulla.cl\/portal\/wp-json\/wp\/v2\/media?parent=13036"}],"wp:term":[{"taxonomy":"category","embeddable":true,"href":"http:\/\/www.rincondelbulla.cl\/portal\/wp-json\/wp\/v2\/categories?post=13036"},{"taxonomy":"post_tag","embeddable":true,"href":"http:\/\/www.rincondelbulla.cl\/portal\/wp-json\/wp\/v2\/tags?post=13036"}],"curies":[{"name":"wp","href":"https:\/\/api.w.org\/{rel}","templated":true}]}}