{"id":13084,"date":"2017-11-11T19:16:20","date_gmt":"2017-11-11T22:16:20","guid":{"rendered":"http:\/\/www.rincondelbulla.cl\/portal\/?p=13084"},"modified":"2017-11-11T19:19:24","modified_gmt":"2017-11-11T22:19:24","slug":"la-farra-de-la-u-en-copa-chile","status":"publish","type":"post","link":"http:\/\/www.rincondelbulla.cl\/portal\/2017\/11\/11\/la-farra-de-la-u-en-copa-chile\/","title":{"rendered":"La farra de la \u00abU\u00bb en Copa Chile"},"content":{"rendered":"<figure id=\"attachment_13085\" aria-describedby=\"caption-attachment-13085\" style=\"width: 2886px\" class=\"wp-caption alignnone\"><img loading=\"lazy\" decoding=\"async\" class=\"size-full wp-image-13085\" src=\"http:\/\/www.rincondelbulla.cl\/portal\/wp-content\/uploads\/2017\/11\/PS_316561.jpg\" alt=\"\" width=\"2886\" height=\"1924\" srcset=\"http:\/\/www.rincondelbulla.cl\/portal\/wp-content\/uploads\/2017\/11\/PS_316561.jpg 2886w, http:\/\/www.rincondelbulla.cl\/portal\/wp-content\/uploads\/2017\/11\/PS_316561-300x200.jpg 300w, http:\/\/www.rincondelbulla.cl\/portal\/wp-content\/uploads\/2017\/11\/PS_316561-768x512.jpg 768w, http:\/\/www.rincondelbulla.cl\/portal\/wp-content\/uploads\/2017\/11\/PS_316561-1200x800.jpg 1200w, http:\/\/www.rincondelbulla.cl\/portal\/wp-content\/uploads\/2017\/11\/PS_316561-696x464.jpg 696w, http:\/\/www.rincondelbulla.cl\/portal\/wp-content\/uploads\/2017\/11\/PS_316561-1068x712.jpg 1068w, http:\/\/www.rincondelbulla.cl\/portal\/wp-content\/uploads\/2017\/11\/PS_316561-630x420.jpg 630w\" sizes=\"auto, (max-width: 2886px) 100vw, 2886px\" \/><figcaption id=\"caption-attachment-13085\" class=\"wp-caption-text\">Photosport<\/figcaption><\/figure>\n<p><strong>En un p\u00e9simo partido los azules se quedaron sin la copa ante un Wanderers que pelea el descenso.<\/strong><!--more--><\/p>\n<p>La ilusi\u00f3n que tra\u00edan los azules era una venda en los ojos ante el mal juego que viene mostrando el plantel de Hoyos, el que qued\u00f3 reflejado en la cancha de Concepci\u00f3n.<\/p>\n<p>En el primer tiempo la \u00abU\u00bb sufrir\u00eda la primera estocada obra de Enzo Guti\u00e9rrez, quien entr\u00f3 solo al \u00e1rea para rematar. Luego se vino la baja de Mauricio Pinilla, quien fuese sustituido por lesi\u00f3n por Isaac D\u00edaz.<\/p>\n<p>El segundo tiempo no cambi\u00f3 mucho, y Jean Paul Pineda increment\u00f3 a los 52 minutos. Veinte minutos despu\u00e9s repetir\u00eda el Enzo mediante el punto penal, marcando el vergonzoso 3-0.<\/p>\n<p>A los 74 David P\u00efzarro pondr\u00eda el descuento que termin\u00f3 siendo un antecedente del partido. Con esto los azules s\u00f3lo les queda pelear por las \u00faltimas tres fechas del torneo de Transici\u00f3n y armarse para la Copa Libertadores.<\/p>\n<p>&nbsp;<\/p>\n<p>&nbsp;<\/p>\n","protected":false},"excerpt":{"rendered":"<p>En un p\u00e9simo partido los azules se quedaron sin la copa ante un Wanderers que pelea el descenso.<\/p>\n","protected":false},"author":65,"featured_media":13085,"comment_status":"closed","ping_status":"open","sticky":false,"template":"","format":"standard","meta":{"footnotes":""},"categories":[18,20],"tags":[454,154,157,294],"class_list":{"0":"post-13084","1":"post","2":"type-post","3":"status-publish","4":"format-standard","5":"has-post-thumbnail","7":"category-actualidad","8":"category-avisos","9":"tag-actualidad","10":"tag-copa-chile","11":"tag-portada","12":"tag-u-de-chile"},"_links":{"self":[{"href":"http:\/\/www.rincondelbulla.cl\/portal\/wp-json\/wp\/v2\/posts\/13084","targetHints":{"allow":["GET"]}}],"collection":[{"href":"http:\/\/www.rincondelbulla.cl\/portal\/wp-json\/wp\/v2\/posts"}],"about":[{"href":"http:\/\/www.rincondelbulla.cl\/portal\/wp-json\/wp\/v2\/types\/post"}],"author":[{"embeddable":true,"href":"http:\/\/www.rincondelbulla.cl\/portal\/wp-json\/wp\/v2\/users\/65"}],"replies":[{"embeddable":true,"href":"http:\/\/www.rincondelbulla.cl\/portal\/wp-json\/wp\/v2\/comments?post=13084"}],"version-history":[{"count":4,"href":"http:\/\/www.rincondelbulla.cl\/portal\/wp-json\/wp\/v2\/posts\/13084\/revisions"}],"predecessor-version":[{"id":13089,"href":"http:\/\/www.rincondelbulla.cl\/portal\/wp-json\/wp\/v2\/posts\/13084\/revisions\/13089"}],"wp:featuredmedia":[{"embeddable":true,"href":"http:\/\/www.rincondelbulla.cl\/portal\/wp-json\/wp\/v2\/media\/13085"}],"wp:attachment":[{"href":"http:\/\/www.rincondelbulla.cl\/portal\/wp-json\/wp\/v2\/media?parent=13084"}],"wp:term":[{"taxonomy":"category","embeddable":true,"href":"http:\/\/www.rincondelbulla.cl\/portal\/wp-json\/wp\/v2\/categories?post=13084"},{"taxonomy":"post_tag","embeddable":true,"href":"http:\/\/www.rincondelbulla.cl\/portal\/wp-json\/wp\/v2\/tags?post=13084"}],"curies":[{"name":"wp","href":"https:\/\/api.w.org\/{rel}","templated":true}]}}