{"id":13095,"date":"2017-11-12T13:42:03","date_gmt":"2017-11-12T16:42:03","guid":{"rendered":"http:\/\/www.rincondelbulla.cl\/portal\/?p=13095"},"modified":"2017-11-12T14:26:57","modified_gmt":"2017-11-12T17:26:57","slug":"la-u-perdio-algo-mas-que-la-copa-en-concepcion","status":"publish","type":"post","link":"http:\/\/www.rincondelbulla.cl\/portal\/2017\/11\/12\/la-u-perdio-algo-mas-que-la-copa-en-concepcion\/","title":{"rendered":"La \u00abU\u00bb perdi\u00f3 algo m\u00e1s que la copa en Concepci\u00f3n"},"content":{"rendered":"<figure id=\"attachment_13097\" aria-describedby=\"caption-attachment-13097\" style=\"width: 720px\" class=\"wp-caption alignnone\"><img loading=\"lazy\" decoding=\"async\" class=\"wp-image-13097 size-full\" src=\"http:\/\/www.rincondelbulla.cl\/portal\/wp-content\/uploads\/2017\/11\/FB_IMG_1510503071231.jpg\" alt=\"\" width=\"720\" height=\"479\" srcset=\"http:\/\/www.rincondelbulla.cl\/portal\/wp-content\/uploads\/2017\/11\/FB_IMG_1510503071231.jpg 720w, http:\/\/www.rincondelbulla.cl\/portal\/wp-content\/uploads\/2017\/11\/FB_IMG_1510503071231-300x200.jpg 300w, http:\/\/www.rincondelbulla.cl\/portal\/wp-content\/uploads\/2017\/11\/FB_IMG_1510503071231-696x463.jpg 696w, http:\/\/www.rincondelbulla.cl\/portal\/wp-content\/uploads\/2017\/11\/FB_IMG_1510503071231-631x420.jpg 631w\" sizes=\"auto, (max-width: 720px) 100vw, 720px\" \/><figcaption id=\"caption-attachment-13097\" class=\"wp-caption-text\">Foto: Ren\u00e9 S\u00e1ez<\/figcaption><\/figure>\n<p><strong>A falta de tres fechas para el final del Torneo Transici\u00f3n, un nuevo dolor de cabeza tendr\u00e1 Guillermo Hoyos para armar el once titular.<\/strong><!--more--><\/p>\n<p>Para nadie es un misterio que la final p\u00e9rdida de Copa Chile MTS 2017 ante Santiago Wanderers, este s\u00e1bado en Concepci\u00f3n, es un balde de agua fr\u00eda para las pretenciones del equipo en este fin de a\u00f1o. Sin embargo, las dos lesiones ocurridas en el partido llegan a complicar a\u00fan m\u00e1s el cierre de temporada.<\/p>\n<p>La primera fue la de Mauricio Pinilla. Cuando promediaba la primera etapa, el delantero sinti\u00f3 una molestia en su pierna derecha, lo que oblig\u00f3 si salida del campo de juego.<\/p>\n<p>Los ex\u00e1menes preliminares evidenciaron un desgarro en el gemelo diestro, que lo podr\u00eda dejar fuera de las canchas lo que queda de campeonato. S\u00f3lo los estudios que se realizar\u00e1 este lunes confirmar\u00e1n el real estado de la dolencia.<\/p>\n<p><strong>EL \u00abK\u00daN\u00bb NO VA M\u00c1S ESTE 2017<\/strong><\/p>\n<figure id=\"attachment_13096\" aria-describedby=\"caption-attachment-13096\" style=\"width: 720px\" class=\"wp-caption alignnone\"><img loading=\"lazy\" decoding=\"async\" class=\"size-full wp-image-13096\" src=\"http:\/\/www.rincondelbulla.cl\/portal\/wp-content\/uploads\/2017\/11\/FB_IMG_1510503041045.jpg\" alt=\"\" width=\"720\" height=\"479\" srcset=\"http:\/\/www.rincondelbulla.cl\/portal\/wp-content\/uploads\/2017\/11\/FB_IMG_1510503041045.jpg 720w, http:\/\/www.rincondelbulla.cl\/portal\/wp-content\/uploads\/2017\/11\/FB_IMG_1510503041045-300x200.jpg 300w, http:\/\/www.rincondelbulla.cl\/portal\/wp-content\/uploads\/2017\/11\/FB_IMG_1510503041045-696x463.jpg 696w, http:\/\/www.rincondelbulla.cl\/portal\/wp-content\/uploads\/2017\/11\/FB_IMG_1510503041045-631x420.jpg 631w\" sizes=\"auto, (max-width: 720px) 100vw, 720px\" \/><figcaption id=\"caption-attachment-13096\" class=\"wp-caption-text\">Foto: Ren\u00e9 S\u00e1ez<\/figcaption><\/figure>\n<p>Las peores noticias llegaron desde Nicol\u00e1s Guerra. Tras una fuerte entrada en su contra en campo caturro, la joven promesa azul sufri\u00f3 una fea ca\u00edda sobre su brazo que trajo graves consecuencias.<\/p>\n<p>El triste diagn\u00f3stico\u00a0 del \u00abK\u00fan\u00bb fue confirmado por el doctor del plantel, \u00c1lvaro Zambrano. Seg\u00fan indic\u00f3 el facultativo,\u00a0<strong>\u00abNicol\u00e1s sufri\u00f3 una fractura de mu\u00f1eca que requiri\u00f3 una reducci\u00f3n ortop\u00e9dica y ahora est\u00e1 inmovilizado con un yeso braquiopalmar. El tiempo estimado de inmovilizaci\u00f3n entre 6 u 8 semanas\u00bb<\/strong>. Con esto Guerra queda fuera del Transici\u00f3n 2017.<\/p>\n<p>Malas noticias para Guillermo Hoyos qui\u00e9n, de confirmarse ambas bajas, deber\u00e1 arreglarselas para establecer un once inicial competitivo de cara al cierre del torneo y as\u00ed seguir luchando por un nuevo t\u00edtulo.<\/p>\n","protected":false},"excerpt":{"rendered":"<p>A falta de tres fechas para el final del Torneo Transici\u00f3n, un nuevo dolor de cabeza tendr\u00e1 Guillermo Hoyos para armar el once titular.<\/p>\n","protected":false},"author":21382,"featured_media":13102,"comment_status":"closed","ping_status":"open","sticky":false,"template":"","format":"standard","meta":{"footnotes":""},"categories":[18],"tags":[454,1094,1006,631,1161,157,1092,294,156],"class_list":{"0":"post-13095","1":"post","2":"type-post","3":"status-publish","4":"format-standard","5":"has-post-thumbnail","7":"category-actualidad","8":"tag-actualidad","9":"tag-copa-chile-mts-2017","10":"tag-guillermo-hoyos","11":"tag-mauricio-pinilla","12":"tag-nicolas-guerra","13":"tag-portada","14":"tag-torneo-transicion-2017","15":"tag-u-de-chile","16":"tag-universidad-de-chile"},"_links":{"self":[{"href":"http:\/\/www.rincondelbulla.cl\/portal\/wp-json\/wp\/v2\/posts\/13095","targetHints":{"allow":["GET"]}}],"collection":[{"href":"http:\/\/www.rincondelbulla.cl\/portal\/wp-json\/wp\/v2\/posts"}],"about":[{"href":"http:\/\/www.rincondelbulla.cl\/portal\/wp-json\/wp\/v2\/types\/post"}],"author":[{"embeddable":true,"href":"http:\/\/www.rincondelbulla.cl\/portal\/wp-json\/wp\/v2\/users\/21382"}],"replies":[{"embeddable":true,"href":"http:\/\/www.rincondelbulla.cl\/portal\/wp-json\/wp\/v2\/comments?post=13095"}],"version-history":[{"count":7,"href":"http:\/\/www.rincondelbulla.cl\/portal\/wp-json\/wp\/v2\/posts\/13095\/revisions"}],"predecessor-version":[{"id":13108,"href":"http:\/\/www.rincondelbulla.cl\/portal\/wp-json\/wp\/v2\/posts\/13095\/revisions\/13108"}],"wp:featuredmedia":[{"embeddable":true,"href":"http:\/\/www.rincondelbulla.cl\/portal\/wp-json\/wp\/v2\/media\/13102"}],"wp:attachment":[{"href":"http:\/\/www.rincondelbulla.cl\/portal\/wp-json\/wp\/v2\/media?parent=13095"}],"wp:term":[{"taxonomy":"category","embeddable":true,"href":"http:\/\/www.rincondelbulla.cl\/portal\/wp-json\/wp\/v2\/categories?post=13095"},{"taxonomy":"post_tag","embeddable":true,"href":"http:\/\/www.rincondelbulla.cl\/portal\/wp-json\/wp\/v2\/tags?post=13095"}],"curies":[{"name":"wp","href":"https:\/\/api.w.org\/{rel}","templated":true}]}}