{"id":13125,"date":"2017-11-14T10:25:28","date_gmt":"2017-11-14T13:25:28","guid":{"rendered":"http:\/\/www.rincondelbulla.cl\/portal\/?p=13125"},"modified":"2017-11-14T10:49:57","modified_gmt":"2017-11-14T13:49:57","slug":"pinilla-puede-vivir-un-martes-negro","status":"publish","type":"post","link":"http:\/\/www.rincondelbulla.cl\/portal\/2017\/11\/14\/pinilla-puede-vivir-un-martes-negro\/","title":{"rendered":"Pinilla puede vivir un \u00abmartes negro\u00bb"},"content":{"rendered":"<figure id=\"attachment_13127\" aria-describedby=\"caption-attachment-13127\" style=\"width: 1280px\" class=\"wp-caption alignnone\"><img loading=\"lazy\" decoding=\"async\" class=\"wp-image-13127 size-full\" src=\"http:\/\/www.rincondelbulla.cl\/portal\/wp-content\/uploads\/2017\/11\/IMG-20171114-WA0006.jpg\" alt=\"\" width=\"1280\" height=\"777\" srcset=\"http:\/\/www.rincondelbulla.cl\/portal\/wp-content\/uploads\/2017\/11\/IMG-20171114-WA0006.jpg 1280w, http:\/\/www.rincondelbulla.cl\/portal\/wp-content\/uploads\/2017\/11\/IMG-20171114-WA0006-300x182.jpg 300w, http:\/\/www.rincondelbulla.cl\/portal\/wp-content\/uploads\/2017\/11\/IMG-20171114-WA0006-768x466.jpg 768w, http:\/\/www.rincondelbulla.cl\/portal\/wp-content\/uploads\/2017\/11\/IMG-20171114-WA0006-1200x728.jpg 1200w, http:\/\/www.rincondelbulla.cl\/portal\/wp-content\/uploads\/2017\/11\/IMG-20171114-WA0006-696x422.jpg 696w, http:\/\/www.rincondelbulla.cl\/portal\/wp-content\/uploads\/2017\/11\/IMG-20171114-WA0006-1068x648.jpg 1068w, http:\/\/www.rincondelbulla.cl\/portal\/wp-content\/uploads\/2017\/11\/IMG-20171114-WA0006-692x420.jpg 692w\" sizes=\"auto, (max-width: 1280px) 100vw, 1280px\" \/><figcaption id=\"caption-attachment-13127\" class=\"wp-caption-text\">Foto: Agencia Uno<\/figcaption><\/figure>\n<p><strong>Si la \u00abU\u00bb sumaba malas noticias y problemas para confirmar el equipo, esta jornada la cosa se puede complicar, con el delantero como protagonista.<\/strong><\/p>\n<p><!--more--><\/p>\n<p>La falta de gol en la delantera azul comienza a preocupar, m\u00e1s debido a la falta de alternativas en ataque. A las molest\u00edas de Sebasti\u00e1n Ubilla, la fractura de Nicol\u00e1s Guerra, la expulsi\u00f3n de Jonathan Zacar\u00eda, sumado la poca regularidad de Isaac D\u00edaz y Francisco Arancibia, tienen en aprietos a Guillermo Hoyos. Lamentablemente el panorama no parece ser alentador en el corto plazo.<\/p>\n<p>En las \u00faltimas horas, se confirm\u00f3 que la dolencia que sac\u00f3 a Mauricio Pinilla de la final de Copa Chile 2017 es un desgarro miofacial en la pierna derecha. Con esto, el delantero se pierde el duelo ante Audax Italiano, por el Torneo Transici\u00f3n, ya que su tiempo de recuperaci\u00f3n no ser\u00e1 inferior a dos semanas.<\/p>\n<p>Por si fuera poco, este martes Pinilla debe comparecer ante el Tribunal de Disciplina de la ANFP, qui\u00e9n lo cit\u00f3 de oficio tras el incidente con el fot\u00f3grafo del Diario La Cuarta en Valpara\u00edso. Pinigol arriesgar\u00eda una suspenci\u00f3n que incluso lo podr\u00eda dejar fuera del resto del campeonato y una hipot\u00e9tica definici\u00f3n.<\/p>\n<p>Pinilla a esperar la evoluci\u00f3n de su lesi\u00f3n y cu\u00e1l ser\u00e1 la determinaci\u00f3n del tribunal en Quil\u00edn.<\/p>\n","protected":false},"excerpt":{"rendered":"<p>Si la \u00abU\u00bb sumaba malas noticias y problemas para confirmar el equipo, esta jornada la cosa se puede complicar, con el delantero como protagonista.<\/p>\n","protected":false},"author":21382,"featured_media":13126,"comment_status":"closed","ping_status":"open","sticky":false,"template":"","format":"standard","meta":{"footnotes":""},"categories":[18],"tags":[454,385,1115,1006,217,987,631,1161,157,118,1092,1275,294,156],"class_list":{"0":"post-13125","1":"post","2":"type-post","3":"status-publish","4":"format-standard","5":"has-post-thumbnail","7":"category-actualidad","8":"tag-actualidad","9":"tag-anfp","10":"tag-francisco-arancibia","11":"tag-guillermo-hoyos","12":"tag-isaac-diaz","13":"tag-jonathan-zacaria","14":"tag-mauricio-pinilla","15":"tag-nicolas-guerra","16":"tag-portada","17":"tag-sebastian-ubilla","18":"tag-torneo-transicion-2017","19":"tag-tribunal-de-disciplina","20":"tag-u-de-chile","21":"tag-universidad-de-chile"},"_links":{"self":[{"href":"http:\/\/www.rincondelbulla.cl\/portal\/wp-json\/wp\/v2\/posts\/13125","targetHints":{"allow":["GET"]}}],"collection":[{"href":"http:\/\/www.rincondelbulla.cl\/portal\/wp-json\/wp\/v2\/posts"}],"about":[{"href":"http:\/\/www.rincondelbulla.cl\/portal\/wp-json\/wp\/v2\/types\/post"}],"author":[{"embeddable":true,"href":"http:\/\/www.rincondelbulla.cl\/portal\/wp-json\/wp\/v2\/users\/21382"}],"replies":[{"embeddable":true,"href":"http:\/\/www.rincondelbulla.cl\/portal\/wp-json\/wp\/v2\/comments?post=13125"}],"version-history":[{"count":2,"href":"http:\/\/www.rincondelbulla.cl\/portal\/wp-json\/wp\/v2\/posts\/13125\/revisions"}],"predecessor-version":[{"id":13129,"href":"http:\/\/www.rincondelbulla.cl\/portal\/wp-json\/wp\/v2\/posts\/13125\/revisions\/13129"}],"wp:featuredmedia":[{"embeddable":true,"href":"http:\/\/www.rincondelbulla.cl\/portal\/wp-json\/wp\/v2\/media\/13126"}],"wp:attachment":[{"href":"http:\/\/www.rincondelbulla.cl\/portal\/wp-json\/wp\/v2\/media?parent=13125"}],"wp:term":[{"taxonomy":"category","embeddable":true,"href":"http:\/\/www.rincondelbulla.cl\/portal\/wp-json\/wp\/v2\/categories?post=13125"},{"taxonomy":"post_tag","embeddable":true,"href":"http:\/\/www.rincondelbulla.cl\/portal\/wp-json\/wp\/v2\/tags?post=13125"}],"curies":[{"name":"wp","href":"https:\/\/api.w.org\/{rel}","templated":true}]}}