{"id":13140,"date":"2017-11-14T22:20:58","date_gmt":"2017-11-15T01:20:58","guid":{"rendered":"http:\/\/www.rincondelbulla.cl\/portal\/?p=13140"},"modified":"2017-11-14T22:20:58","modified_gmt":"2017-11-15T01:20:58","slug":"rivarola-no-seria-categorico-de-decir-que-la-u-es-un-desastre","status":"publish","type":"post","link":"http:\/\/www.rincondelbulla.cl\/portal\/2017\/11\/14\/rivarola-no-seria-categorico-de-decir-que-la-u-es-un-desastre\/","title":{"rendered":"Rivarola: \u00abNo ser\u00eda categ\u00f3rico de decir que la U es un desastre\u00bb"},"content":{"rendered":"<figure id=\"attachment_13141\" aria-describedby=\"caption-attachment-13141\" style=\"width: 1032px\" class=\"wp-caption alignnone\"><img loading=\"lazy\" decoding=\"async\" class=\"size-full wp-image-13141\" src=\"http:\/\/www.rincondelbulla.cl\/portal\/wp-content\/uploads\/2017\/11\/Rivarola-CDA-Noviembre.jpg\" alt=\"\" width=\"1032\" height=\"581\" srcset=\"http:\/\/www.rincondelbulla.cl\/portal\/wp-content\/uploads\/2017\/11\/Rivarola-CDA-Noviembre.jpg 1032w, http:\/\/www.rincondelbulla.cl\/portal\/wp-content\/uploads\/2017\/11\/Rivarola-CDA-Noviembre-300x169.jpg 300w, http:\/\/www.rincondelbulla.cl\/portal\/wp-content\/uploads\/2017\/11\/Rivarola-CDA-Noviembre-768x432.jpg 768w, http:\/\/www.rincondelbulla.cl\/portal\/wp-content\/uploads\/2017\/11\/Rivarola-CDA-Noviembre-696x392.jpg 696w, http:\/\/www.rincondelbulla.cl\/portal\/wp-content\/uploads\/2017\/11\/Rivarola-CDA-Noviembre-746x420.jpg 746w\" sizes=\"auto, (max-width: 1032px) 100vw, 1032px\" \/><figcaption id=\"caption-attachment-13141\" class=\"wp-caption-text\">Fotograf\u00eda: Cristian Tejo<\/figcaption><\/figure>\n<p><strong>Diego Rivarola convers\u00f3 con los medios en el Centro Deportivo Azul acerca del momento que vive la U tras la derrota de Copa Chile.<\/strong><\/p>\n<p>Tras lo sucedido el s\u00e1bado, sali\u00f3 con m\u00e1s fuerza la presi\u00f3n de los hinchas y la opini\u00f3n generalizada de que el cuadro m\u00e1gico no est\u00e1 jugando, bien. Ante lo anterior Diego Rivarola sali\u00f3 a defender al plantel.<\/p>\n<p>\u00abPor momentos s\u00ed -me gusta-, y otros me gustar\u00eda que jugara mejor.\u00a0Decir que juega mal categ\u00f3ricamente es exagerado&#8230; tiene momentos. Esos momentos me gustar\u00eda que fueran a m\u00e1s largo plazo y no lo hemos podido lograr, somos conscientes,\u00a0pero no ser\u00eda categ\u00f3rico de decir que la U es un desastre\u00bb.<\/p>\n<p>Agreg\u00f3 que: \u00abSiempre es duro perder una final, se sufre mucho. En un equipo grande se pelean muchas cosas, hay que dar vuelta la p\u00e1gina y enfocarse en lo queda del torneo. Somos protagonistas y\u00a0debemos encarar esta parte de la mejor forma posible\u00bb.<\/p>\n<p>\u00abUno que est\u00e1 hace muchos a\u00f1os ac\u00e1 sabe que los cuestionamientos son normales, dependiendo el momento del equipo.\u00a0Cuando se gana se critica poco y cuando se pierde la cr\u00edtica es un poco m\u00e1s grande. Es parte del juego, de estar en un equipo grande. Los que estamos ac\u00e1 estaremos expuestos a eso y lo estaremos m\u00e1s all\u00e1 de un resultado\u00bb, sigui\u00f3 reflexionando Gok\u00fa.<\/p>\n<p>Finalmente sobre lo que viene el pr\u00f3ximo a\u00f1o para el Rom\u00e1ntico Viajero, sostuvo que:\u00a0\u00abHay un tema con los torneos internacionales,\u00a0<strong>estamos en d\u00e9ficit como f\u00fatbol chileno<\/strong>. Todos los a\u00f1os cambian los clubes que participan, es dif\u00edcil que se repitan los equipos protagonistas. Debemos reforzarnos sin dudas\u00bb.<\/p>\n","protected":false},"excerpt":{"rendered":"<p>Diego Rivarola convers\u00f3 con los medios en el Centro Deportivo Azul acerca del momento que vive la U tras la derrota de Copa Chile. Tras lo sucedido el s\u00e1bado, sali\u00f3 con m\u00e1s fuerza la presi\u00f3n de los hinchas y la opini\u00f3n generalizada de que el cuadro m\u00e1gico no est\u00e1 jugando, bien. Ante lo anterior Diego [&#8230;]<\/p>\n","protected":false},"author":21397,"featured_media":13141,"comment_status":"closed","ping_status":"open","sticky":false,"template":"","format":"standard","meta":{"footnotes":""},"categories":[18],"tags":[454,154,1116,45,824,156],"class_list":{"0":"post-13140","1":"post","2":"type-post","3":"status-publish","4":"format-standard","5":"has-post-thumbnail","7":"category-actualidad","8":"tag-actualidad","9":"tag-copa-chile","10":"tag-cuadro-magico","11":"tag-diego-rivarola","12":"tag-goku","13":"tag-universidad-de-chile"},"_links":{"self":[{"href":"http:\/\/www.rincondelbulla.cl\/portal\/wp-json\/wp\/v2\/posts\/13140","targetHints":{"allow":["GET"]}}],"collection":[{"href":"http:\/\/www.rincondelbulla.cl\/portal\/wp-json\/wp\/v2\/posts"}],"about":[{"href":"http:\/\/www.rincondelbulla.cl\/portal\/wp-json\/wp\/v2\/types\/post"}],"author":[{"embeddable":true,"href":"http:\/\/www.rincondelbulla.cl\/portal\/wp-json\/wp\/v2\/users\/21397"}],"replies":[{"embeddable":true,"href":"http:\/\/www.rincondelbulla.cl\/portal\/wp-json\/wp\/v2\/comments?post=13140"}],"version-history":[{"count":1,"href":"http:\/\/www.rincondelbulla.cl\/portal\/wp-json\/wp\/v2\/posts\/13140\/revisions"}],"predecessor-version":[{"id":13142,"href":"http:\/\/www.rincondelbulla.cl\/portal\/wp-json\/wp\/v2\/posts\/13140\/revisions\/13142"}],"wp:featuredmedia":[{"embeddable":true,"href":"http:\/\/www.rincondelbulla.cl\/portal\/wp-json\/wp\/v2\/media\/13141"}],"wp:attachment":[{"href":"http:\/\/www.rincondelbulla.cl\/portal\/wp-json\/wp\/v2\/media?parent=13140"}],"wp:term":[{"taxonomy":"category","embeddable":true,"href":"http:\/\/www.rincondelbulla.cl\/portal\/wp-json\/wp\/v2\/categories?post=13140"},{"taxonomy":"post_tag","embeddable":true,"href":"http:\/\/www.rincondelbulla.cl\/portal\/wp-json\/wp\/v2\/tags?post=13140"}],"curies":[{"name":"wp","href":"https:\/\/api.w.org\/{rel}","templated":true}]}}