{"id":13144,"date":"2017-11-14T22:36:38","date_gmt":"2017-11-15T01:36:38","guid":{"rendered":"http:\/\/www.rincondelbulla.cl\/portal\/?p=13144"},"modified":"2017-11-14T22:36:38","modified_gmt":"2017-11-15T01:36:38","slug":"no-hay-desgarro-solo-una-fecha-de-sancion","status":"publish","type":"post","link":"http:\/\/www.rincondelbulla.cl\/portal\/2017\/11\/14\/no-hay-desgarro-solo-una-fecha-de-sancion\/","title":{"rendered":"No hay desgarro, solo una fecha de sanci\u00f3n"},"content":{"rendered":"<p><img loading=\"lazy\" decoding=\"async\" class=\"alignleft size-full wp-image-13145\" src=\"http:\/\/www.rincondelbulla.cl\/portal\/wp-content\/uploads\/2017\/11\/Pinilla-entrenando.jpg\" alt=\"\" width=\"1050\" height=\"700\" srcset=\"http:\/\/www.rincondelbulla.cl\/portal\/wp-content\/uploads\/2017\/11\/Pinilla-entrenando.jpg 1050w, http:\/\/www.rincondelbulla.cl\/portal\/wp-content\/uploads\/2017\/11\/Pinilla-entrenando-300x200.jpg 300w, http:\/\/www.rincondelbulla.cl\/portal\/wp-content\/uploads\/2017\/11\/Pinilla-entrenando-768x512.jpg 768w, http:\/\/www.rincondelbulla.cl\/portal\/wp-content\/uploads\/2017\/11\/Pinilla-entrenando-696x464.jpg 696w, http:\/\/www.rincondelbulla.cl\/portal\/wp-content\/uploads\/2017\/11\/Pinilla-entrenando-630x420.jpg 630w\" sizes=\"auto, (max-width: 1050px) 100vw, 1050px\" \/><\/p>\n<p><strong>Mauricio Pinilla tiene altas posibilidades de vestir de corto pronto al descartarse un desgarro miofascial en el muslo izquierdo.\u00a0<\/strong><\/p>\n<p>En un comienzo se pensaba en una lesi\u00f3n muscular complicada para el artillero, convirti\u00e9ndose en baja por al menos tres semanas. Sin embargo, el cuerpo m\u00e9dico azul entreg\u00f3 buenas noticias respecto al \u20189\u2019 azul.<\/p>\n<p>\u00abPinilla est\u00e1 ok y ma\u00f1ana (mi\u00e9rcoles) entrenar\u00e1 (con sus compa\u00f1eros)\u00bb, expres\u00f3 brevemente un integrante del staff m\u00e9dico a CDF, por lo que el atacante podr\u00eda decir presente ante los pupilos de Hugo Vilches, en un duelo clave en la lucha por el t\u00edtulo.<\/p>\n<p>Por otro lado el jugador estuvo citado para la audiencia de esta tarde del Tribunal de Disciplina, donde debi\u00f3 defenderse de la denuncia por infracci\u00f3n al art\u00edculo 63 numeral 9, que castiga con uno a seis partidos de suspensi\u00f3n a quien cause da\u00f1o a un bien material en el estadio.<\/p>\n<p>Finalmente \u00abPinigol\u00bb solo recibi\u00f3 una fecha de sanci\u00f3n, por el incidente de la c\u00e1mara, tal como explicaron desde el tribunal.<\/p>\n<p>\u00abFue un fallo dividido y bastante dividido, hubo votos, para dos fechas, unos para que fuese absuelto y la mayor\u00eda para una fecha, que fue lo que se decidi\u00f3\u00bb, argument\u00f3\u00a0Ezequiel Segal.<\/p>\n","protected":false},"excerpt":{"rendered":"<p>Mauricio Pinilla tiene altas posibilidades de vestir de corto pronto al descartarse un desgarro miofascial en el muslo izquierdo.\u00a0 En un comienzo se pensaba en una lesi\u00f3n muscular complicada para el artillero, convirti\u00e9ndose en baja por al menos tres semanas. Sin embargo, el cuerpo m\u00e9dico azul entreg\u00f3 buenas noticias respecto al \u20189\u2019 azul. \u00abPinilla est\u00e1 [&#8230;]<\/p>\n","protected":false},"author":21395,"featured_media":13145,"comment_status":"closed","ping_status":"open","sticky":false,"template":"","format":"standard","meta":{"footnotes":""},"categories":[18],"tags":[454,385,1116,631,1275,156],"class_list":{"0":"post-13144","1":"post","2":"type-post","3":"status-publish","4":"format-standard","5":"has-post-thumbnail","7":"category-actualidad","8":"tag-actualidad","9":"tag-anfp","10":"tag-cuadro-magico","11":"tag-mauricio-pinilla","12":"tag-tribunal-de-disciplina","13":"tag-universidad-de-chile"},"_links":{"self":[{"href":"http:\/\/www.rincondelbulla.cl\/portal\/wp-json\/wp\/v2\/posts\/13144","targetHints":{"allow":["GET"]}}],"collection":[{"href":"http:\/\/www.rincondelbulla.cl\/portal\/wp-json\/wp\/v2\/posts"}],"about":[{"href":"http:\/\/www.rincondelbulla.cl\/portal\/wp-json\/wp\/v2\/types\/post"}],"author":[{"embeddable":true,"href":"http:\/\/www.rincondelbulla.cl\/portal\/wp-json\/wp\/v2\/users\/21395"}],"replies":[{"embeddable":true,"href":"http:\/\/www.rincondelbulla.cl\/portal\/wp-json\/wp\/v2\/comments?post=13144"}],"version-history":[{"count":1,"href":"http:\/\/www.rincondelbulla.cl\/portal\/wp-json\/wp\/v2\/posts\/13144\/revisions"}],"predecessor-version":[{"id":13146,"href":"http:\/\/www.rincondelbulla.cl\/portal\/wp-json\/wp\/v2\/posts\/13144\/revisions\/13146"}],"wp:featuredmedia":[{"embeddable":true,"href":"http:\/\/www.rincondelbulla.cl\/portal\/wp-json\/wp\/v2\/media\/13145"}],"wp:attachment":[{"href":"http:\/\/www.rincondelbulla.cl\/portal\/wp-json\/wp\/v2\/media?parent=13144"}],"wp:term":[{"taxonomy":"category","embeddable":true,"href":"http:\/\/www.rincondelbulla.cl\/portal\/wp-json\/wp\/v2\/categories?post=13144"},{"taxonomy":"post_tag","embeddable":true,"href":"http:\/\/www.rincondelbulla.cl\/portal\/wp-json\/wp\/v2\/tags?post=13144"}],"curies":[{"name":"wp","href":"https:\/\/api.w.org\/{rel}","templated":true}]}}