{"id":13185,"date":"2017-11-22T11:18:54","date_gmt":"2017-11-22T14:18:54","guid":{"rendered":"http:\/\/www.rincondelbulla.cl\/portal\/?p=13185"},"modified":"2017-11-22T11:21:22","modified_gmt":"2017-11-22T14:21:22","slug":"formativo-se-pone-al-dia","status":"publish","type":"post","link":"http:\/\/www.rincondelbulla.cl\/portal\/2017\/11\/22\/formativo-se-pone-al-dia\/","title":{"rendered":"Formativo se pone al d\u00eda"},"content":{"rendered":"<figure id=\"attachment_13186\" aria-describedby=\"caption-attachment-13186\" style=\"width: 2048px\" class=\"wp-caption aligncenter\"><img loading=\"lazy\" decoding=\"async\" class=\"size-full wp-image-13186\" src=\"http:\/\/www.rincondelbulla.cl\/portal\/wp-content\/uploads\/2017\/11\/Formativo-22-Noviembre.jpg\" alt=\"\" width=\"2048\" height=\"1369\" srcset=\"http:\/\/www.rincondelbulla.cl\/portal\/wp-content\/uploads\/2017\/11\/Formativo-22-Noviembre.jpg 2048w, http:\/\/www.rincondelbulla.cl\/portal\/wp-content\/uploads\/2017\/11\/Formativo-22-Noviembre-300x201.jpg 300w, http:\/\/www.rincondelbulla.cl\/portal\/wp-content\/uploads\/2017\/11\/Formativo-22-Noviembre-768x513.jpg 768w, http:\/\/www.rincondelbulla.cl\/portal\/wp-content\/uploads\/2017\/11\/Formativo-22-Noviembre-1200x802.jpg 1200w, http:\/\/www.rincondelbulla.cl\/portal\/wp-content\/uploads\/2017\/11\/Formativo-22-Noviembre-696x465.jpg 696w, http:\/\/www.rincondelbulla.cl\/portal\/wp-content\/uploads\/2017\/11\/Formativo-22-Noviembre-1068x714.jpg 1068w, http:\/\/www.rincondelbulla.cl\/portal\/wp-content\/uploads\/2017\/11\/Formativo-22-Noviembre-628x420.jpg 628w\" sizes=\"auto, (max-width: 2048px) 100vw, 2048px\" \/><figcaption id=\"caption-attachment-13186\" class=\"wp-caption-text\">Fotograf\u00eda: FutbolJoven U. de Chile<\/figcaption><\/figure>\n<p><strong>Las series Sub 15 y Sub 16 lograron consolidarse en los primeros puestos\u00a0y as\u00ed timbrar su clasificaci\u00f3n de forma anticipada ante Cobreloa.<\/strong><\/p>\n<p>La Sub 15, dirigida por el t\u00e9cnico C\u00e9sar Henr\u00edquez, fue la que consigui\u00f3 el resultado m\u00e1s destacado de la jornada con un\u00a0triunfo por 4-2 ante los lo\u00ednos, logrando as\u00ed mantenerse en la segunda ubicaci\u00f3n y enfrentar la \u00faltima fecha con m\u00e1s tranquilidad considerando que ya est\u00e1n en los playoffs.<\/p>\n<p>Jorge Reyes, Renato Tapia, Ra\u00fal Belmar\u00a0y\u00a0Enzo Fern\u00e1ndez\u00a0fueron los encargados de anotar para un equipo que tuvo un primer tiempo notable al marcar tres goles, asegurando desde temprano el compromiso disputado en Quil\u00edn.<\/p>\n<p>Por su parte,\u00a0la Sub 16 empat\u00f3 2-2 con Cobreloa y logr\u00f3 escalar al subliderato con 29 puntos en 14 fechas disputadas. Si bien el equipo nortino estuvo adelante en el marcador, un gol del azul Ignacio Arqueros logr\u00f3 igualar las acciones en los minutos finales y cerr\u00f3 un disputado choque donde tambi\u00e9n anot\u00f3 Juli\u00e1n Alfaro para la U.<\/p>\n<p>Ahora\u00a0ambas series chocar\u00e1n con Deportes Iquique\u00a0como visitantes buscando cerrar la fase regular de la mejor manera y llegar as\u00ed en \u00f3ptimas condiciones a disputar los playoffs.<\/p>\n<p><strong>La Sub13 correr\u00eda la misma suerte que el primer equipo<\/strong><\/p>\n<p>Al rojo vivo qued\u00f3 la definici\u00f3n del campeonato correspondiente a la categor\u00eda\u00a0Sub 13\u00a0luego de la victoria azul sobre San Felipe. Esto porque, a una fecha del t\u00e9rmino del torneo,\u00a0los dirigidos por Juan Gonz\u00e1lez vencieron a los del Aconcagua por 5-2 e igualaron a Colo Colo en lo m\u00e1s alto de la tabla con 41 unidades.<\/p>\n<p>En la pr\u00f3xima y \u00faltima jornada,\u00a0Juan Gonz\u00e1lez\u00a0y sus pupilos deber\u00e1n visitar a\u00a0Deportes Melipilla, mientras que los \u201calbos\u201d enfrentar\u00e1n a San Luis de Quillota, tambi\u00e9n en condici\u00f3n de visitante.\u00a0En caso de terminar igualados, el campe\u00f3n se determinar\u00e1 a trav\u00e9s de un partido definitorio entre ambos elencos.\u00a0\u00a1Vamos, leones!<\/p>\n","protected":false},"excerpt":{"rendered":"<p>Las series Sub 15 y Sub 16 lograron consolidarse en los primeros puestos\u00a0y as\u00ed timbrar su clasificaci\u00f3n de forma anticipada ante Cobreloa. La Sub 15, dirigida por el t\u00e9cnico C\u00e9sar Henr\u00edquez, fue la que consigui\u00f3 el resultado m\u00e1s destacado de la jornada con un\u00a0triunfo por 4-2 ante los lo\u00ednos, logrando as\u00ed mantenerse en la segunda [&#8230;]<\/p>\n","protected":false},"author":21398,"featured_media":13186,"comment_status":"closed","ping_status":"open","sticky":false,"template":"","format":"standard","meta":{"footnotes":""},"categories":[18],"tags":[454,387,1116,409,1177,156],"class_list":{"0":"post-13185","1":"post","2":"type-post","3":"status-publish","4":"format-standard","5":"has-post-thumbnail","7":"category-actualidad","8":"tag-actualidad","9":"tag-cobreloa","10":"tag-cuadro-magico","11":"tag-futbol-formativo","12":"tag-futbol-joven","13":"tag-universidad-de-chile"},"_links":{"self":[{"href":"http:\/\/www.rincondelbulla.cl\/portal\/wp-json\/wp\/v2\/posts\/13185","targetHints":{"allow":["GET"]}}],"collection":[{"href":"http:\/\/www.rincondelbulla.cl\/portal\/wp-json\/wp\/v2\/posts"}],"about":[{"href":"http:\/\/www.rincondelbulla.cl\/portal\/wp-json\/wp\/v2\/types\/post"}],"author":[{"embeddable":true,"href":"http:\/\/www.rincondelbulla.cl\/portal\/wp-json\/wp\/v2\/users\/21398"}],"replies":[{"embeddable":true,"href":"http:\/\/www.rincondelbulla.cl\/portal\/wp-json\/wp\/v2\/comments?post=13185"}],"version-history":[{"count":3,"href":"http:\/\/www.rincondelbulla.cl\/portal\/wp-json\/wp\/v2\/posts\/13185\/revisions"}],"predecessor-version":[{"id":13189,"href":"http:\/\/www.rincondelbulla.cl\/portal\/wp-json\/wp\/v2\/posts\/13185\/revisions\/13189"}],"wp:featuredmedia":[{"embeddable":true,"href":"http:\/\/www.rincondelbulla.cl\/portal\/wp-json\/wp\/v2\/media\/13186"}],"wp:attachment":[{"href":"http:\/\/www.rincondelbulla.cl\/portal\/wp-json\/wp\/v2\/media?parent=13185"}],"wp:term":[{"taxonomy":"category","embeddable":true,"href":"http:\/\/www.rincondelbulla.cl\/portal\/wp-json\/wp\/v2\/categories?post=13185"},{"taxonomy":"post_tag","embeddable":true,"href":"http:\/\/www.rincondelbulla.cl\/portal\/wp-json\/wp\/v2\/tags?post=13185"}],"curies":[{"name":"wp","href":"https:\/\/api.w.org\/{rel}","templated":true}]}}