{"id":13237,"date":"2017-11-27T23:10:54","date_gmt":"2017-11-28T02:10:54","guid":{"rendered":"http:\/\/www.rincondelbulla.cl\/portal\/?p=13237"},"modified":"2017-11-28T00:33:00","modified_gmt":"2017-11-28T03:33:00","slug":"hoyos-y-pinilla-dieron-la-cara-en-los-premios-el-grafico","status":"publish","type":"post","link":"http:\/\/www.rincondelbulla.cl\/portal\/2017\/11\/27\/hoyos-y-pinilla-dieron-la-cara-en-los-premios-el-grafico\/","title":{"rendered":"Hoyos y Pinilla dieron la cara en los premios El Gr\u00e1fico"},"content":{"rendered":"<p><img loading=\"lazy\" decoding=\"async\" class=\"aligncenter size-full wp-image-13240\" src=\"http:\/\/www.rincondelbulla.cl\/portal\/wp-content\/uploads\/2017\/11\/IMG-20171128-WA0004.jpg\" alt=\"\" width=\"1280\" height=\"853\" srcset=\"http:\/\/www.rincondelbulla.cl\/portal\/wp-content\/uploads\/2017\/11\/IMG-20171128-WA0004.jpg 1280w, http:\/\/www.rincondelbulla.cl\/portal\/wp-content\/uploads\/2017\/11\/IMG-20171128-WA0004-300x200.jpg 300w, http:\/\/www.rincondelbulla.cl\/portal\/wp-content\/uploads\/2017\/11\/IMG-20171128-WA0004-768x512.jpg 768w, http:\/\/www.rincondelbulla.cl\/portal\/wp-content\/uploads\/2017\/11\/IMG-20171128-WA0004-1200x800.jpg 1200w, http:\/\/www.rincondelbulla.cl\/portal\/wp-content\/uploads\/2017\/11\/IMG-20171128-WA0004-696x464.jpg 696w, http:\/\/www.rincondelbulla.cl\/portal\/wp-content\/uploads\/2017\/11\/IMG-20171128-WA0004-1068x712.jpg 1068w, http:\/\/www.rincondelbulla.cl\/portal\/wp-content\/uploads\/2017\/11\/IMG-20171128-WA0004-630x420.jpg 630w\" sizes=\"auto, (max-width: 1280px) 100vw, 1280px\" \/><\/p>\n<p><strong>Despu\u00e9s de una dura derrota ante Audax, hay que dar vuelta la p\u00e1gina y hoy en Espacio Riesco se realizaron los premios que galardonan lo mejor de nuestro balompi\u00e9.<\/strong><\/p>\n<p>Antes de la ceremonia, Guillermo Hoyos, habl\u00f3 del momento que vive la U:\u00a0\u00abPara m\u00ed en una liga que lleguen a las \u00faltimas dos jornadas varios equipos peleando por el t\u00edtulo es para elogiar a todos\u00bb.<\/p>\n<p>Acerca del cuestionado momento que vive el Rom\u00e1ntico Viajero:\u00a0\u00abSiempre hay que mejorar, es una forma de vivir personal.\u00a0Si Dios quiere cuando empecemos nuestras vacaciones seguiremos estudiando,\u00a0son espacios para ver cosas e intercambiar, lo hemos hecho toda la vida, es un respeto a la profesi\u00f3n,\u00a0al club en el que est\u00e1s, al equipo, al presidente nuestro que es una fiera\u00bb.<\/p>\n<p>Otro que tambi\u00e9n esboz\u00f3 algunas palabras fue Mauricio Pinilla, qui\u00e9n no pudo jugar por lesi\u00f3n y suspenci\u00f3n:\u00a0\u00abestuve con mis compa\u00f1eros antes del partido y hubo una motivaci\u00f3n y concentraci\u00f3n importante para afrontar el partido, pero lleg\u00f3 el gol, despu\u00e9s quedamos con un jugador menos y\u00a0se hizo complicado revertir la situaci\u00f3n\u00bb.<\/p>\n<p>Finalmente sobre la autocr\u00edtica que debe hacer el plantel:\u00a0\u00abtodos los jugadores del plantel tienen una madures importante y un rodaje a nivel internacional, as\u00ed que todos debemos hacernos un examen de conciencia y saber en qu\u00e9 fallamos o no, eso seguramente se har\u00e1 tras el t\u00e9rmino de la temporada\u00bb, cerr\u00f3.<\/p>\n<p><strong>Por: Leyla D\u00edaz, Marco Valdovinos y Cristian Tejo.<\/strong><\/p>\n","protected":false},"excerpt":{"rendered":"<p>Despu\u00e9s de una dura derrota ante Audax, hay que dar vuelta la p\u00e1gina y hoy en Espacio Riesco se realizaron los premios que galardonan lo mejor de nuestro balompi\u00e9. Antes de la ceremonia, Guillermo Hoyos, habl\u00f3 del momento que vive la U:\u00a0\u00abPara m\u00ed en una liga que lleguen a las \u00faltimas dos jornadas varios equipos [&#8230;]<\/p>\n","protected":false},"author":21398,"featured_media":13240,"comment_status":"closed","ping_status":"open","sticky":false,"template":"","format":"standard","meta":{"footnotes":""},"categories":[18],"tags":[454,1116,1006,631,1288,156],"class_list":{"0":"post-13237","1":"post","2":"type-post","3":"status-publish","4":"format-standard","5":"has-post-thumbnail","7":"category-actualidad","8":"tag-actualidad","9":"tag-cuadro-magico","10":"tag-guillermo-hoyos","11":"tag-mauricio-pinilla","12":"tag-premios-el-grafico","13":"tag-universidad-de-chile"},"_links":{"self":[{"href":"http:\/\/www.rincondelbulla.cl\/portal\/wp-json\/wp\/v2\/posts\/13237","targetHints":{"allow":["GET"]}}],"collection":[{"href":"http:\/\/www.rincondelbulla.cl\/portal\/wp-json\/wp\/v2\/posts"}],"about":[{"href":"http:\/\/www.rincondelbulla.cl\/portal\/wp-json\/wp\/v2\/types\/post"}],"author":[{"embeddable":true,"href":"http:\/\/www.rincondelbulla.cl\/portal\/wp-json\/wp\/v2\/users\/21398"}],"replies":[{"embeddable":true,"href":"http:\/\/www.rincondelbulla.cl\/portal\/wp-json\/wp\/v2\/comments?post=13237"}],"version-history":[{"count":3,"href":"http:\/\/www.rincondelbulla.cl\/portal\/wp-json\/wp\/v2\/posts\/13237\/revisions"}],"predecessor-version":[{"id":13242,"href":"http:\/\/www.rincondelbulla.cl\/portal\/wp-json\/wp\/v2\/posts\/13237\/revisions\/13242"}],"wp:featuredmedia":[{"embeddable":true,"href":"http:\/\/www.rincondelbulla.cl\/portal\/wp-json\/wp\/v2\/media\/13240"}],"wp:attachment":[{"href":"http:\/\/www.rincondelbulla.cl\/portal\/wp-json\/wp\/v2\/media?parent=13237"}],"wp:term":[{"taxonomy":"category","embeddable":true,"href":"http:\/\/www.rincondelbulla.cl\/portal\/wp-json\/wp\/v2\/categories?post=13237"},{"taxonomy":"post_tag","embeddable":true,"href":"http:\/\/www.rincondelbulla.cl\/portal\/wp-json\/wp\/v2\/tags?post=13237"}],"curies":[{"name":"wp","href":"https:\/\/api.w.org\/{rel}","templated":true}]}}