{"id":13243,"date":"2017-11-28T10:52:03","date_gmt":"2017-11-28T13:52:03","guid":{"rendered":"http:\/\/www.rincondelbulla.cl\/portal\/?p=13243"},"modified":"2017-11-28T10:52:03","modified_gmt":"2017-11-28T13:52:03","slug":"la-u-se-llevo-lo-mejor-de-los-premios-el-grafico","status":"publish","type":"post","link":"http:\/\/www.rincondelbulla.cl\/portal\/2017\/11\/28\/la-u-se-llevo-lo-mejor-de-los-premios-el-grafico\/","title":{"rendered":"La U se llev\u00f3 lo mejor de los Premios El Gr\u00e1fico"},"content":{"rendered":"<figure id=\"attachment_13244\" aria-describedby=\"caption-attachment-13244\" style=\"width: 1280px\" class=\"wp-caption aligncenter\"><img loading=\"lazy\" decoding=\"async\" class=\"size-full wp-image-13244\" src=\"http:\/\/www.rincondelbulla.cl\/portal\/wp-content\/uploads\/2017\/11\/Lorenzo-Reyes-el-Gr\u00e1fico.jpg\" alt=\"\" width=\"1280\" height=\"853\" srcset=\"http:\/\/www.rincondelbulla.cl\/portal\/wp-content\/uploads\/2017\/11\/Lorenzo-Reyes-el-Gr\u00e1fico.jpg 1280w, http:\/\/www.rincondelbulla.cl\/portal\/wp-content\/uploads\/2017\/11\/Lorenzo-Reyes-el-Gr\u00e1fico-300x200.jpg 300w, http:\/\/www.rincondelbulla.cl\/portal\/wp-content\/uploads\/2017\/11\/Lorenzo-Reyes-el-Gr\u00e1fico-768x512.jpg 768w, http:\/\/www.rincondelbulla.cl\/portal\/wp-content\/uploads\/2017\/11\/Lorenzo-Reyes-el-Gr\u00e1fico-1200x800.jpg 1200w, http:\/\/www.rincondelbulla.cl\/portal\/wp-content\/uploads\/2017\/11\/Lorenzo-Reyes-el-Gr\u00e1fico-696x464.jpg 696w, http:\/\/www.rincondelbulla.cl\/portal\/wp-content\/uploads\/2017\/11\/Lorenzo-Reyes-el-Gr\u00e1fico-1068x712.jpg 1068w, http:\/\/www.rincondelbulla.cl\/portal\/wp-content\/uploads\/2017\/11\/Lorenzo-Reyes-el-Gr\u00e1fico-630x420.jpg 630w\" sizes=\"auto, (max-width: 1280px) 100vw, 1280px\" \/><figcaption id=\"caption-attachment-13244\" class=\"wp-caption-text\">Fotograf\u00eda: Claudio C\u00e1ceres<\/figcaption><\/figure>\n<p><strong>Anoche se realizaron los premios El Gr\u00e1fico donde varios jugadores del cuadro m\u00e1gico se llevaron premios por ser los mejores del a\u00f1o.<\/strong><\/p>\n<p>Johnny Herrera, Jean Beausejour, Lorenzo Reyes, Mauricio Pinilla y Guillermo Hoyos fueron premiados como parte del equipo ideal del a\u00f1o.<\/p>\n<p>Lorenzo Reyes fue el m\u00e1s galodornado de la noche pues, adem\u00e1s de ser descatado como el mejor volante central, se adjuquic\u00f3 tambi\u00e9n el bot\u00edn de oro que lo acredita como el jugador del a\u00f1o.<\/p>\n<p>Lolo, de un tremendo 2017, se convirti\u00f3 en el primer jugador de la U en quedarse con este trofeo desde la elecci\u00f3n de Eduardo Vargas en 2011. Misma situaci\u00f3n que vivi\u00f3 Guillermo Hoyos, escogido el mejor entrenador de la temporada.<\/p>\n","protected":false},"excerpt":{"rendered":"<p>Anoche se realizaron los premios El Gr\u00e1fico donde varios jugadores del cuadro m\u00e1gico se llevaron premios por ser los mejores del a\u00f1o. Johnny Herrera, Jean Beausejour, Lorenzo Reyes, Mauricio Pinilla y Guillermo Hoyos fueron premiados como parte del equipo ideal del a\u00f1o. Lorenzo Reyes fue el m\u00e1s galodornado de la noche pues, adem\u00e1s de ser [&#8230;]<\/p>\n","protected":false},"author":21398,"featured_media":13244,"comment_status":"closed","ping_status":"open","sticky":false,"template":"","format":"standard","meta":{"footnotes":""},"categories":[18],"tags":[454,1116,1006,821,41,121,631,1288,156],"class_list":{"0":"post-13243","1":"post","2":"type-post","3":"status-publish","4":"format-standard","5":"has-post-thumbnail","7":"category-actualidad","8":"tag-actualidad","9":"tag-cuadro-magico","10":"tag-guillermo-hoyos","11":"tag-jean-beausejour","12":"tag-johnny-herrera","13":"tag-lorenzo-reyes","14":"tag-mauricio-pinilla","15":"tag-premios-el-grafico","16":"tag-universidad-de-chile"},"_links":{"self":[{"href":"http:\/\/www.rincondelbulla.cl\/portal\/wp-json\/wp\/v2\/posts\/13243","targetHints":{"allow":["GET"]}}],"collection":[{"href":"http:\/\/www.rincondelbulla.cl\/portal\/wp-json\/wp\/v2\/posts"}],"about":[{"href":"http:\/\/www.rincondelbulla.cl\/portal\/wp-json\/wp\/v2\/types\/post"}],"author":[{"embeddable":true,"href":"http:\/\/www.rincondelbulla.cl\/portal\/wp-json\/wp\/v2\/users\/21398"}],"replies":[{"embeddable":true,"href":"http:\/\/www.rincondelbulla.cl\/portal\/wp-json\/wp\/v2\/comments?post=13243"}],"version-history":[{"count":1,"href":"http:\/\/www.rincondelbulla.cl\/portal\/wp-json\/wp\/v2\/posts\/13243\/revisions"}],"predecessor-version":[{"id":13245,"href":"http:\/\/www.rincondelbulla.cl\/portal\/wp-json\/wp\/v2\/posts\/13243\/revisions\/13245"}],"wp:featuredmedia":[{"embeddable":true,"href":"http:\/\/www.rincondelbulla.cl\/portal\/wp-json\/wp\/v2\/media\/13244"}],"wp:attachment":[{"href":"http:\/\/www.rincondelbulla.cl\/portal\/wp-json\/wp\/v2\/media?parent=13243"}],"wp:term":[{"taxonomy":"category","embeddable":true,"href":"http:\/\/www.rincondelbulla.cl\/portal\/wp-json\/wp\/v2\/categories?post=13243"},{"taxonomy":"post_tag","embeddable":true,"href":"http:\/\/www.rincondelbulla.cl\/portal\/wp-json\/wp\/v2\/tags?post=13243"}],"curies":[{"name":"wp","href":"https:\/\/api.w.org\/{rel}","templated":true}]}}