{"id":13246,"date":"2017-11-28T11:18:28","date_gmt":"2017-11-28T14:18:28","guid":{"rendered":"http:\/\/www.rincondelbulla.cl\/portal\/?p=13246"},"modified":"2017-11-28T11:18:28","modified_gmt":"2017-11-28T14:18:28","slug":"que-pasa-con-johnny","status":"publish","type":"post","link":"http:\/\/www.rincondelbulla.cl\/portal\/2017\/11\/28\/que-pasa-con-johnny\/","title":{"rendered":"\u00bfQu\u00e9 pasa con Johnny?"},"content":{"rendered":"<p><img loading=\"lazy\" decoding=\"async\" class=\"aligncenter size-full wp-image-13247\" src=\"http:\/\/www.rincondelbulla.cl\/portal\/wp-content\/uploads\/2017\/11\/Herrera.jpg\" alt=\"\" width=\"900\" height=\"618\" srcset=\"http:\/\/www.rincondelbulla.cl\/portal\/wp-content\/uploads\/2017\/11\/Herrera.jpg 900w, http:\/\/www.rincondelbulla.cl\/portal\/wp-content\/uploads\/2017\/11\/Herrera-300x206.jpg 300w, http:\/\/www.rincondelbulla.cl\/portal\/wp-content\/uploads\/2017\/11\/Herrera-768x527.jpg 768w, http:\/\/www.rincondelbulla.cl\/portal\/wp-content\/uploads\/2017\/11\/Herrera-100x70.jpg 100w, http:\/\/www.rincondelbulla.cl\/portal\/wp-content\/uploads\/2017\/11\/Herrera-218x150.jpg 218w, http:\/\/www.rincondelbulla.cl\/portal\/wp-content\/uploads\/2017\/11\/Herrera-696x478.jpg 696w, http:\/\/www.rincondelbulla.cl\/portal\/wp-content\/uploads\/2017\/11\/Herrera-612x420.jpg 612w\" sizes=\"auto, (max-width: 900px) 100vw, 900px\" \/><\/p>\n<p><strong>Esta jornada un matutino inform\u00f3 de una dura enfermedad que padecer\u00eda Johnny Herrera:\u00a0\u00abEspondilitis anquilosante\u00bb.\u00a0<\/strong><\/p>\n<p>\u00abTengo una lesi\u00f3n parecida a la de un periodista de CNN (Eduardo Castillo)&#8230; Eso es todo lo que yo puedo comentar. A m\u00ed me infiltraron en la columna, porque adem\u00e1s ten\u00eda una fisura producto de un golpe\u00bb, indic\u00f3 el jugador al diario.<\/p>\n<p>El capit\u00e1n de los azules agreg\u00f3 que, \u00abYo me sent\u00eda en condiciones de jugar&#8230; Es cierto que me hab\u00eda integrado en los \u00faltimos d\u00edas a las pr\u00e1cticas, pero uno siempre quiere jugar\u00bb.<\/p>\n<p>Sin embargo, desde Universidad de Chile emitieron un comunicado diciendo que la situaci\u00f3n m\u00e9dica del golero es otra.<\/p>\n<p>\u00abEl jugador\u00a0Johnny Herrera Mu\u00f1oz\u00a0presenta un s\u00edndrome de dolor lumbar de etiolog\u00eda disc\u00f3geno facetaria.<\/p>\n<p>El diagn\u00f3stico es\u00a0<strong>Espondilolisis Lumbar Bilateral de L5.<\/strong><\/p>\n<p>Su tratamiento consiste en kinesioterapia, con el objetivo de:<\/p>\n<ul>\n<li>Estabilizar la cintura lumbop\u00e9lvica<\/li>\n<li>Potenciar la musculatura abdominal<\/li>\n<li>Potenciar la musculatura paravertebral lumbar y gl\u00fatea.<\/li>\n<\/ul>\n<p>El diagn\u00f3stico publicado en el diario Las \u00daltimas Noticas de Espondilolitis Anquilosante es un cuadro cl\u00ednico totalmente diferente,\u00a0 y no corresponde al que presenta el se\u00f1or Herrera\u00bb.<\/p>\n<p>As\u00ed y todo, Johnny Herrera no est\u00e1 bien del todo y por eso no jug\u00f3 ante los it\u00e1licos el pasado fin de semana en la dura derrota que tuvo el cuadro m\u00e1gico.<\/p>\n","protected":false},"excerpt":{"rendered":"<p>Esta jornada un matutino inform\u00f3 de una dura enfermedad que padecer\u00eda Johnny Herrera:\u00a0\u00abEspondilitis anquilosante\u00bb.\u00a0 \u00abTengo una lesi\u00f3n parecida a la de un periodista de CNN (Eduardo Castillo)&#8230; Eso es todo lo que yo puedo comentar. A m\u00ed me infiltraron en la columna, porque adem\u00e1s ten\u00eda una fisura producto de un golpe\u00bb, indic\u00f3 el jugador al [&#8230;]<\/p>\n","protected":false},"author":21398,"featured_media":13247,"comment_status":"closed","ping_status":"open","sticky":false,"template":"","format":"standard","meta":{"footnotes":""},"categories":[18],"tags":[1116,41,156],"class_list":{"0":"post-13246","1":"post","2":"type-post","3":"status-publish","4":"format-standard","5":"has-post-thumbnail","7":"category-actualidad","8":"tag-cuadro-magico","9":"tag-johnny-herrera","10":"tag-universidad-de-chile"},"_links":{"self":[{"href":"http:\/\/www.rincondelbulla.cl\/portal\/wp-json\/wp\/v2\/posts\/13246","targetHints":{"allow":["GET"]}}],"collection":[{"href":"http:\/\/www.rincondelbulla.cl\/portal\/wp-json\/wp\/v2\/posts"}],"about":[{"href":"http:\/\/www.rincondelbulla.cl\/portal\/wp-json\/wp\/v2\/types\/post"}],"author":[{"embeddable":true,"href":"http:\/\/www.rincondelbulla.cl\/portal\/wp-json\/wp\/v2\/users\/21398"}],"replies":[{"embeddable":true,"href":"http:\/\/www.rincondelbulla.cl\/portal\/wp-json\/wp\/v2\/comments?post=13246"}],"version-history":[{"count":1,"href":"http:\/\/www.rincondelbulla.cl\/portal\/wp-json\/wp\/v2\/posts\/13246\/revisions"}],"predecessor-version":[{"id":13248,"href":"http:\/\/www.rincondelbulla.cl\/portal\/wp-json\/wp\/v2\/posts\/13246\/revisions\/13248"}],"wp:featuredmedia":[{"embeddable":true,"href":"http:\/\/www.rincondelbulla.cl\/portal\/wp-json\/wp\/v2\/media\/13247"}],"wp:attachment":[{"href":"http:\/\/www.rincondelbulla.cl\/portal\/wp-json\/wp\/v2\/media?parent=13246"}],"wp:term":[{"taxonomy":"category","embeddable":true,"href":"http:\/\/www.rincondelbulla.cl\/portal\/wp-json\/wp\/v2\/categories?post=13246"},{"taxonomy":"post_tag","embeddable":true,"href":"http:\/\/www.rincondelbulla.cl\/portal\/wp-json\/wp\/v2\/tags?post=13246"}],"curies":[{"name":"wp","href":"https:\/\/api.w.org\/{rel}","templated":true}]}}