{"id":13249,"date":"2017-11-28T15:54:03","date_gmt":"2017-11-28T18:54:03","guid":{"rendered":"http:\/\/www.rincondelbulla.cl\/portal\/?p=13249"},"modified":"2017-11-28T15:54:24","modified_gmt":"2017-11-28T18:54:24","slug":"pinilla-y-las-criticas-a-hoyos-no-creo-que-el-ande-cagado-de-la-risa-por-la-vida","status":"publish","type":"post","link":"http:\/\/www.rincondelbulla.cl\/portal\/2017\/11\/28\/pinilla-y-las-criticas-a-hoyos-no-creo-que-el-ande-cagado-de-la-risa-por-la-vida\/","title":{"rendered":"Pinilla y las cr\u00edticas a Hoyos: \u00abNo creo que \u00e9l ande cagado de la risa por la vida\u00bb"},"content":{"rendered":"<p><img loading=\"lazy\" decoding=\"async\" class=\"aligncenter size-full wp-image-13250\" src=\"http:\/\/www.rincondelbulla.cl\/portal\/wp-content\/uploads\/2017\/11\/Pinilla-CDA-Noviembre.jpg\" alt=\"\" width=\"1245\" height=\"700\" srcset=\"http:\/\/www.rincondelbulla.cl\/portal\/wp-content\/uploads\/2017\/11\/Pinilla-CDA-Noviembre.jpg 1245w, http:\/\/www.rincondelbulla.cl\/portal\/wp-content\/uploads\/2017\/11\/Pinilla-CDA-Noviembre-300x169.jpg 300w, http:\/\/www.rincondelbulla.cl\/portal\/wp-content\/uploads\/2017\/11\/Pinilla-CDA-Noviembre-768x432.jpg 768w, http:\/\/www.rincondelbulla.cl\/portal\/wp-content\/uploads\/2017\/11\/Pinilla-CDA-Noviembre-1200x675.jpg 1200w, http:\/\/www.rincondelbulla.cl\/portal\/wp-content\/uploads\/2017\/11\/Pinilla-CDA-Noviembre-696x391.jpg 696w, http:\/\/www.rincondelbulla.cl\/portal\/wp-content\/uploads\/2017\/11\/Pinilla-CDA-Noviembre-1068x600.jpg 1068w, http:\/\/www.rincondelbulla.cl\/portal\/wp-content\/uploads\/2017\/11\/Pinilla-CDA-Noviembre-747x420.jpg 747w\" sizes=\"auto, (max-width: 1245px) 100vw, 1245px\" \/><\/p>\n<p><strong>Mauricio Pinilla aclar\u00f3 este martes que no dependen de s\u00ed mismos para lograr el t\u00edtulo del Torneo de Transici\u00f3n por \u201cerrores puntuales\u201d, aunque aclar\u00f3 que seguir\u00e1n luchando por el objetivo del bicampeonato nacional.\u00a0<\/strong><\/p>\n<p>Consultado por el presente de la \u2018U\u2019, que antes se inclin\u00f3 en la final de la Copa Chile ante Santiago Wanderers, \u2018Pinigol\u2019 declar\u00f3 en rueda de prensa que \u201cfutbol\u00edsticamente no estamos m\u00e1s abajo que ningun equipo. Hemos cometido errores puntuales que nos dejaron sin depender de nosotros para ser campeones. Cuando termine el campeonato cada uno debe hacer un examen de conciencia para saber en qu\u00e9 se equivoc\u00f3 y no volver a cometerlos\u201d.<\/p>\n<p>\u201cHemos ido consiguiendo resultados y luego nos hemos echado un poco atr\u00e1s. A veces el juego de la U no es vistoso, pero es efectivo. Por algo estuvimos hasta la fecha anterior en lo m\u00e1s alto de la tabla\u00bb, complement\u00f3.<\/p>\n<p>Sobre las sanciones de Vilches y Jara, agrego que: \u00abEn la jugada de\u00a0Vilches tienes dos opciones:\u00a0O lo dejas que se vaya al mano a mano con el arquero o lo tratas de frenar. Fue falta, era \u00faltimo hombre y el juez lo expuls\u00f3.\u00a0Lo de Gonzalo fue un error,\u00a0\u00e9l lo asume y est\u00e1 consciente de eso. Aplaudir al \u00e1rbitro tiene una sanci\u00f3n y lo entendi\u00f3\u00bb.<\/p>\n<p>Respecto a su estado f\u00edsico, \u2018Pinigol\u2019 expres\u00f3 que \u00abestoy respetando los plazos de la lesi\u00f3n que tuve y trabajo pensando en estar el fin de semana con el equipo\u00bb. El ariete sufri\u00f3 un desgarro en el isquiotibial izquierdo y es duda para el choque ante Universidad de Concepci\u00f3n.<\/p>\n<p>Finalmente respecto respecto al momento que vive el t\u00e9cnico Hoyos, criticado por los hinchas y los medios, argument\u00f3: \u00abNo creo que \u00e9l ande cagado de la risa por la vida. Ni \u00e9l ni nadie est\u00e1 feliz con el actual momento. Todos esper\u00e1bamos que el rendimiento fuera mejor.\u00a0Cuando no se juega bien es normal que se apunte al t\u00e9cnico.\u00a0El f\u00fatbol es as\u00ed\u00bb.<\/p>\n","protected":false},"excerpt":{"rendered":"<p>Mauricio Pinilla aclar\u00f3 este martes que no dependen de s\u00ed mismos para lograr el t\u00edtulo del Torneo de Transici\u00f3n por \u201cerrores puntuales\u201d, aunque aclar\u00f3 que seguir\u00e1n luchando por el objetivo del bicampeonato nacional.\u00a0 Consultado por el presente de la \u2018U\u2019, que antes se inclin\u00f3 en la final de la Copa Chile ante Santiago Wanderers, \u2018Pinigol\u2019 [&#8230;]<\/p>\n","protected":false},"author":21396,"featured_media":13250,"comment_status":"closed","ping_status":"open","sticky":false,"template":"","format":"standard","meta":{"footnotes":""},"categories":[18],"tags":[454,1116,1006,631,156],"class_list":{"0":"post-13249","1":"post","2":"type-post","3":"status-publish","4":"format-standard","5":"has-post-thumbnail","7":"category-actualidad","8":"tag-actualidad","9":"tag-cuadro-magico","10":"tag-guillermo-hoyos","11":"tag-mauricio-pinilla","12":"tag-universidad-de-chile"},"_links":{"self":[{"href":"http:\/\/www.rincondelbulla.cl\/portal\/wp-json\/wp\/v2\/posts\/13249","targetHints":{"allow":["GET"]}}],"collection":[{"href":"http:\/\/www.rincondelbulla.cl\/portal\/wp-json\/wp\/v2\/posts"}],"about":[{"href":"http:\/\/www.rincondelbulla.cl\/portal\/wp-json\/wp\/v2\/types\/post"}],"author":[{"embeddable":true,"href":"http:\/\/www.rincondelbulla.cl\/portal\/wp-json\/wp\/v2\/users\/21396"}],"replies":[{"embeddable":true,"href":"http:\/\/www.rincondelbulla.cl\/portal\/wp-json\/wp\/v2\/comments?post=13249"}],"version-history":[{"count":2,"href":"http:\/\/www.rincondelbulla.cl\/portal\/wp-json\/wp\/v2\/posts\/13249\/revisions"}],"predecessor-version":[{"id":13252,"href":"http:\/\/www.rincondelbulla.cl\/portal\/wp-json\/wp\/v2\/posts\/13249\/revisions\/13252"}],"wp:featuredmedia":[{"embeddable":true,"href":"http:\/\/www.rincondelbulla.cl\/portal\/wp-json\/wp\/v2\/media\/13250"}],"wp:attachment":[{"href":"http:\/\/www.rincondelbulla.cl\/portal\/wp-json\/wp\/v2\/media?parent=13249"}],"wp:term":[{"taxonomy":"category","embeddable":true,"href":"http:\/\/www.rincondelbulla.cl\/portal\/wp-json\/wp\/v2\/categories?post=13249"},{"taxonomy":"post_tag","embeddable":true,"href":"http:\/\/www.rincondelbulla.cl\/portal\/wp-json\/wp\/v2\/tags?post=13249"}],"curies":[{"name":"wp","href":"https:\/\/api.w.org\/{rel}","templated":true}]}}