{"id":13267,"date":"2017-12-03T15:40:17","date_gmt":"2017-12-03T18:40:17","guid":{"rendered":"http:\/\/www.rincondelbulla.cl\/portal\/?p=13267"},"modified":"2017-12-03T16:47:24","modified_gmt":"2017-12-03T19:47:24","slug":"la-previa-con-defensa-inedita-la-u-buscara-seguir-vivo-en-conce","status":"publish","type":"post","link":"http:\/\/www.rincondelbulla.cl\/portal\/2017\/12\/03\/la-previa-con-defensa-inedita-la-u-buscara-seguir-vivo-en-conce\/","title":{"rendered":"La Previa: Con defensa in\u00e9dita la U buscar\u00e1 seguir vivo en Conce"},"content":{"rendered":"<figure id=\"attachment_11261\" aria-describedby=\"caption-attachment-11261\" style=\"width: 1100px\" class=\"wp-caption aligncenter\"><img loading=\"lazy\" decoding=\"async\" class=\"size-full wp-image-11261\" src=\"http:\/\/www.rincondelbulla.cl\/portal\/wp-content\/uploads\/2017\/03\/41.jpg\" alt=\"\" width=\"1100\" height=\"733\" srcset=\"http:\/\/www.rincondelbulla.cl\/portal\/wp-content\/uploads\/2017\/03\/41.jpg 1100w, http:\/\/www.rincondelbulla.cl\/portal\/wp-content\/uploads\/2017\/03\/41-300x200.jpg 300w, http:\/\/www.rincondelbulla.cl\/portal\/wp-content\/uploads\/2017\/03\/41-768x512.jpg 768w, http:\/\/www.rincondelbulla.cl\/portal\/wp-content\/uploads\/2017\/03\/41-696x464.jpg 696w, http:\/\/www.rincondelbulla.cl\/portal\/wp-content\/uploads\/2017\/03\/41-1068x712.jpg 1068w, http:\/\/www.rincondelbulla.cl\/portal\/wp-content\/uploads\/2017\/03\/41-630x420.jpg 630w\" sizes=\"auto, (max-width: 1100px) 100vw, 1100px\" \/><figcaption id=\"caption-attachment-11261\" class=\"wp-caption-text\">Foto: Claudio C\u00e1ceres<\/figcaption><\/figure>\n<p><strong>Universidad de Chile intentar\u00e1 seguir con vida en la octava regi\u00f3n, luego de la goleada recibida en la fecha pasada con Audax Italiano. Tras caer, los azules quedaron a tres puntos del l\u00edder. Sin embargo, buscar\u00e1n igualmente estirar la definici\u00f3n hasta la \u00faltima fecha.<\/strong><\/p>\n<p><!--more--><\/p>\n<p>Con m\u00e1s optimismo que f\u00fatbol la U saldr\u00e1 a las cancha del Ester Roa hoy a las 17:30 para visitar a Universidad de Concepcion. El equipo de \u00c1ngel Guillermo Hoyos llega cuestionado tras el 0-3 recibido en la fecha pasada que dej\u00f3 al equipo con pocas chances del bicampeonato.<\/p>\n<p>Un partido que dej\u00f3 a Universidad de Chile sin dos integrantes de la zaga defensiva, como Chrsitian Vilches y Gonzalo Jara que fueron expulsados. Pero m\u00e1s all\u00e1 de los lamentos el t\u00e9cnico azul prepara a una dupla in\u00e9dita para enfrentar el partido con la U. de Conce. Se trata de Alejandro Contreras y Rodrigo Echeverr\u00eda -para muchos de mejor rendimiento que Jara y Vilches-, quienes debutar\u00e1n como defensas centrales.<\/p>\n<p>Adem\u00e1s, se espera el regreso del capit\u00e1n Johnny Herrera, quien habr\u00eda superado sus problemas lumbares.<\/p>\n<p>Con esto, la U podr\u00eda formar as\u00ed:<\/p>\n<p><strong>Herrera (C); Rodr\u00edguez, Contreras, Echeverr\u00eda, Beausejour; Caroca, Reyes, Lorenzetti; Leiva; Ubilla, D\u00edaz.<\/strong><\/p>\n<p>Cabe destacar que en esta tarde de domingo se jugar\u00e1n en simult\u00e1neo tres duelos decisivos como el propio de la U, Colo-Colo con Curic\u00f3 y la Uni\u00f3n Espa\u00f1ola que recibir\u00e1 a Audax.<\/p>\n<p>As\u00ed est\u00e1 la tabla actualmente:<\/p>\n<p><img loading=\"lazy\" decoding=\"async\" class=\"alignright size-full wp-image-13268\" src=\"http:\/\/www.rincondelbulla.cl\/portal\/wp-content\/uploads\/2017\/12\/tabala.png\" alt=\"\" width=\"805\" height=\"325\" srcset=\"http:\/\/www.rincondelbulla.cl\/portal\/wp-content\/uploads\/2017\/12\/tabala.png 805w, http:\/\/www.rincondelbulla.cl\/portal\/wp-content\/uploads\/2017\/12\/tabala-300x121.png 300w, http:\/\/www.rincondelbulla.cl\/portal\/wp-content\/uploads\/2017\/12\/tabala-768x310.png 768w, http:\/\/www.rincondelbulla.cl\/portal\/wp-content\/uploads\/2017\/12\/tabala-696x281.png 696w\" sizes=\"auto, (max-width: 805px) 100vw, 805px\" \/><\/p>\n","protected":false},"excerpt":{"rendered":"<p>Universidad de Chile intentar\u00e1 seguir con vida en la octava regi\u00f3n, luego de la goleada recibida en la fecha pasada con Audax Italiano. Tras caer, los azules quedaron a tres puntos del l\u00edder. Sin embargo, buscar\u00e1n igualmente estirar la definici\u00f3n hasta la \u00faltima fecha.<\/p>\n","protected":false},"author":21383,"featured_media":11261,"comment_status":"closed","ping_status":"open","sticky":false,"template":"","format":"standard","meta":{"footnotes":""},"categories":[18,1],"tags":[454,197,1290],"class_list":{"0":"post-13267","1":"post","2":"type-post","3":"status-publish","4":"format-standard","5":"has-post-thumbnail","7":"category-actualidad","8":"category-sin-categoria","9":"tag-actualidad","10":"tag-udechile","11":"tag-udeconce"},"_links":{"self":[{"href":"http:\/\/www.rincondelbulla.cl\/portal\/wp-json\/wp\/v2\/posts\/13267","targetHints":{"allow":["GET"]}}],"collection":[{"href":"http:\/\/www.rincondelbulla.cl\/portal\/wp-json\/wp\/v2\/posts"}],"about":[{"href":"http:\/\/www.rincondelbulla.cl\/portal\/wp-json\/wp\/v2\/types\/post"}],"author":[{"embeddable":true,"href":"http:\/\/www.rincondelbulla.cl\/portal\/wp-json\/wp\/v2\/users\/21383"}],"replies":[{"embeddable":true,"href":"http:\/\/www.rincondelbulla.cl\/portal\/wp-json\/wp\/v2\/comments?post=13267"}],"version-history":[{"count":1,"href":"http:\/\/www.rincondelbulla.cl\/portal\/wp-json\/wp\/v2\/posts\/13267\/revisions"}],"predecessor-version":[{"id":13269,"href":"http:\/\/www.rincondelbulla.cl\/portal\/wp-json\/wp\/v2\/posts\/13267\/revisions\/13269"}],"wp:featuredmedia":[{"embeddable":true,"href":"http:\/\/www.rincondelbulla.cl\/portal\/wp-json\/wp\/v2\/media\/11261"}],"wp:attachment":[{"href":"http:\/\/www.rincondelbulla.cl\/portal\/wp-json\/wp\/v2\/media?parent=13267"}],"wp:term":[{"taxonomy":"category","embeddable":true,"href":"http:\/\/www.rincondelbulla.cl\/portal\/wp-json\/wp\/v2\/categories?post=13267"},{"taxonomy":"post_tag","embeddable":true,"href":"http:\/\/www.rincondelbulla.cl\/portal\/wp-json\/wp\/v2\/tags?post=13267"}],"curies":[{"name":"wp","href":"https:\/\/api.w.org\/{rel}","templated":true}]}}