{"id":13281,"date":"2017-12-04T23:51:22","date_gmt":"2017-12-05T02:51:22","guid":{"rendered":"http:\/\/www.rincondelbulla.cl\/portal\/?p=13281"},"modified":"2017-12-05T10:24:12","modified_gmt":"2017-12-05T13:24:12","slug":"luis-musrri-lanzo-su-libro-25-anos-esperamos","status":"publish","type":"post","link":"http:\/\/www.rincondelbulla.cl\/portal\/2017\/12\/04\/luis-musrri-lanzo-su-libro-25-anos-esperamos\/","title":{"rendered":"Luis Musrri lanz\u00f3 su libro \u00ab25 A\u00f1os Esperamos\u00bb"},"content":{"rendered":"<figure id=\"attachment_13282\" aria-describedby=\"caption-attachment-13282\" style=\"width: 1280px\" class=\"wp-caption alignnone\"><img loading=\"lazy\" decoding=\"async\" class=\"size-full wp-image-13282\" src=\"http:\/\/www.rincondelbulla.cl\/portal\/wp-content\/uploads\/2017\/12\/WhatsApp-Image-2017-12-04-at-23.37.28.jpeg\" alt=\"\" width=\"1280\" height=\"853\" srcset=\"http:\/\/www.rincondelbulla.cl\/portal\/wp-content\/uploads\/2017\/12\/WhatsApp-Image-2017-12-04-at-23.37.28.jpeg 1280w, http:\/\/www.rincondelbulla.cl\/portal\/wp-content\/uploads\/2017\/12\/WhatsApp-Image-2017-12-04-at-23.37.28-300x200.jpeg 300w, http:\/\/www.rincondelbulla.cl\/portal\/wp-content\/uploads\/2017\/12\/WhatsApp-Image-2017-12-04-at-23.37.28-768x512.jpeg 768w, http:\/\/www.rincondelbulla.cl\/portal\/wp-content\/uploads\/2017\/12\/WhatsApp-Image-2017-12-04-at-23.37.28-1200x800.jpeg 1200w, http:\/\/www.rincondelbulla.cl\/portal\/wp-content\/uploads\/2017\/12\/WhatsApp-Image-2017-12-04-at-23.37.28-696x464.jpeg 696w, http:\/\/www.rincondelbulla.cl\/portal\/wp-content\/uploads\/2017\/12\/WhatsApp-Image-2017-12-04-at-23.37.28-1068x712.jpeg 1068w, http:\/\/www.rincondelbulla.cl\/portal\/wp-content\/uploads\/2017\/12\/WhatsApp-Image-2017-12-04-at-23.37.28-630x420.jpeg 630w\" sizes=\"auto, (max-width: 1280px) 100vw, 1280px\" \/><figcaption id=\"caption-attachment-13282\" class=\"wp-caption-text\">25 a\u00f1os esperamos &#8211; Foto: Claudio C\u00e1ceres<\/figcaption><\/figure>\n<p><strong>El eterno capit\u00e1n azul tom\u00f3 papel y l\u00e1piz y escribi\u00f3 su libro sobre el esperado campeonato.<\/strong><!--more--><\/p>\n<p>En el Sal\u00f3n Presidencial del <strong><a href=\"http:\/\/coliseonacional.cl\/\">Estadio Nacional<\/a><\/strong> se dieron cita amantes de la Universidad de Chile para poder adquirir el primer libro de Luis Musrri, escrito en conjunto con el periodista Cristopher Ant\u00fanez.<\/p>\n<p>El lanzamiento tuvo de invitados a Patricio Mardones y Horacio Rivas, quienes escucharon atentamente como ambos autores describieron el proceso de creaci\u00f3n y el producto final.<\/p>\n<p>\u00abEs un pedacito de la historia de la U, es muy significativo e importante, en especial para mi. Me toc\u00f3 vivirlas todas, desde mis inicios en cadetes hasta el paso del primer equipo con el que descendimos y luego volver a primera. Es contado con mucho cari\u00f1o y f\u00e1cil de leer\u00bb, cont\u00f3 Musrri.<\/p>\n<p>El eterno capit\u00e1n aprovech\u00f3 de comentar el presente azul y asegur\u00f3 que \u00abpor historia hay que pelear hasta final y la U se caracteriza por eso. Hay que ir con la fe que algo pueda pasar, que nos ayuden los angelitos para que el equipo gane y que pasen otros resultados\u00bb.<\/p>\n<p>El libro lo puedes adquirir escribiendo a\u00a0librodeluismusrri@gmail.com o consultando directamente en el <strong><a href=\"https:\/\/www.facebook.com\/Librodelcapitan\/\">Facebook del libro.<\/a><\/strong><\/p>\n<p><iframe loading=\"lazy\" src=\"https:\/\/www.youtube.com\/embed\/9KwM4PaKuc4\" width=\"560\" height=\"315\" frameborder=\"0\" allowfullscreen=\"allowfullscreen\"><\/iframe><\/p>\n","protected":false},"excerpt":{"rendered":"<p>El eterno capit\u00e1n azul tom\u00f3 papel y l\u00e1piz y escribi\u00f3 su libro sobre el esperado campeonato.<\/p>\n","protected":false},"author":65,"featured_media":13282,"comment_status":"closed","ping_status":"open","sticky":false,"template":"","format":"standard","meta":{"footnotes":""},"categories":[18,20],"tags":[1291,454,1292,400,197],"class_list":{"0":"post-13281","1":"post","2":"type-post","3":"status-publish","4":"format-standard","5":"has-post-thumbnail","7":"category-actualidad","8":"category-avisos","9":"tag-25-anos-esperamos","10":"tag-actualidad","11":"tag-cristopher-antunez","12":"tag-luis-musrri","13":"tag-udechile"},"_links":{"self":[{"href":"http:\/\/www.rincondelbulla.cl\/portal\/wp-json\/wp\/v2\/posts\/13281","targetHints":{"allow":["GET"]}}],"collection":[{"href":"http:\/\/www.rincondelbulla.cl\/portal\/wp-json\/wp\/v2\/posts"}],"about":[{"href":"http:\/\/www.rincondelbulla.cl\/portal\/wp-json\/wp\/v2\/types\/post"}],"author":[{"embeddable":true,"href":"http:\/\/www.rincondelbulla.cl\/portal\/wp-json\/wp\/v2\/users\/65"}],"replies":[{"embeddable":true,"href":"http:\/\/www.rincondelbulla.cl\/portal\/wp-json\/wp\/v2\/comments?post=13281"}],"version-history":[{"count":2,"href":"http:\/\/www.rincondelbulla.cl\/portal\/wp-json\/wp\/v2\/posts\/13281\/revisions"}],"predecessor-version":[{"id":13284,"href":"http:\/\/www.rincondelbulla.cl\/portal\/wp-json\/wp\/v2\/posts\/13281\/revisions\/13284"}],"wp:featuredmedia":[{"embeddable":true,"href":"http:\/\/www.rincondelbulla.cl\/portal\/wp-json\/wp\/v2\/media\/13282"}],"wp:attachment":[{"href":"http:\/\/www.rincondelbulla.cl\/portal\/wp-json\/wp\/v2\/media?parent=13281"}],"wp:term":[{"taxonomy":"category","embeddable":true,"href":"http:\/\/www.rincondelbulla.cl\/portal\/wp-json\/wp\/v2\/categories?post=13281"},{"taxonomy":"post_tag","embeddable":true,"href":"http:\/\/www.rincondelbulla.cl\/portal\/wp-json\/wp\/v2\/tags?post=13281"}],"curies":[{"name":"wp","href":"https:\/\/api.w.org\/{rel}","templated":true}]}}