{"id":13298,"date":"2017-12-07T18:01:41","date_gmt":"2017-12-07T21:01:41","guid":{"rendered":"http:\/\/www.rincondelbulla.cl\/portal\/?p=13298"},"modified":"2017-12-07T18:01:41","modified_gmt":"2017-12-07T21:01:41","slug":"hoyos-estamos-a-la-expectativa-de-la-situacion-del-sabado","status":"publish","type":"post","link":"http:\/\/www.rincondelbulla.cl\/portal\/2017\/12\/07\/hoyos-estamos-a-la-expectativa-de-la-situacion-del-sabado\/","title":{"rendered":"Hoyos: \u00abEstamos a la expectativa de la situaci\u00f3n del s\u00e1bado\u00bb"},"content":{"rendered":"<p><img loading=\"lazy\" decoding=\"async\" class=\"alignleft size-full wp-image-12812\" src=\"http:\/\/www.rincondelbulla.cl\/portal\/wp-content\/uploads\/2017\/10\/Hoyos-CDA-Octubre.jpg\" alt=\"\" width=\"1028\" height=\"700\" srcset=\"http:\/\/www.rincondelbulla.cl\/portal\/wp-content\/uploads\/2017\/10\/Hoyos-CDA-Octubre.jpg 1028w, http:\/\/www.rincondelbulla.cl\/portal\/wp-content\/uploads\/2017\/10\/Hoyos-CDA-Octubre-300x204.jpg 300w, http:\/\/www.rincondelbulla.cl\/portal\/wp-content\/uploads\/2017\/10\/Hoyos-CDA-Octubre-768x523.jpg 768w, http:\/\/www.rincondelbulla.cl\/portal\/wp-content\/uploads\/2017\/10\/Hoyos-CDA-Octubre-696x474.jpg 696w, http:\/\/www.rincondelbulla.cl\/portal\/wp-content\/uploads\/2017\/10\/Hoyos-CDA-Octubre-617x420.jpg 617w\" sizes=\"auto, (max-width: 1028px) 100vw, 1028px\" \/><\/p>\n<p><strong>Guillermo Hoyos, se refiri\u00f3 este jueves a la fecha decisiva del Torneo de Transici\u00f3n, donde con ciertos resultados el cuadro azul podr\u00eda jugar un partido definitorio por el t\u00edtulo con Colo Colo, y manifest\u00f3 su deseo que David Pizarro continu\u00e9 en la U.<\/strong><\/p>\n<p>Respecto a la decimoquinta y \u00faltima jornada del campeonato, el estratego declar\u00f3 en la presente jornada que \u201cintentaremos ganarle a Deportes Iquique y luego ver lo que pasa en los otros partidos\u00bb.<\/p>\n<p>\u00abDebemos ir paso a paso. Cuando ganamos el torneo pasado fuimos as\u00ed. Ser campe\u00f3n te puede mover el piso y despu\u00e9s no vienes con ganas de trabajar porque ya estaba todo logrado. Estamos a la expectativa de la situaci\u00f3n del s\u00e1bado\u00bb, complement\u00f3.<\/p>\n<p>Consultado por una posible extensi\u00f3n del v\u00ednculo del \u2018Fantasista\u2019, se\u00f1al\u00f3 que \u00aba m\u00ed me encantar\u00eda que se quede, nos dar\u00eda cosas que nos ha dado estos once meses como persona y jugador\u00bb.<\/p>\n<p>Por otro lado, Hoyos indic\u00f3 que la participaci\u00f3n azul el pr\u00f3ximo a\u00f1o en la Copa Libertadores \u201ces un aliciente importante de cara a la temporada que viene. Tengo bastante optimismo de que todos los equipos que entren a la copa defendiendo a Chile lo har\u00e1n muy bien\u00bb.<\/p>\n<p>En cuanto al once que jugar\u00e1 con los \u2018Dragones Celestes\u2019, la presencia del delantero Mauricio Pinilla a\u00fan est\u00e1 en duda por una lesi\u00f3n muscular y este viernes ser\u00e1 evaluado para ver si podr\u00e1 estar ante los nortinos.<\/p>\n<p>En tanto, el ariete Sebasti\u00e1n Ubilla est\u00e1 pr\u00e1cticamente descartado ya que no fue citado y el propio jugador nos coment\u00f3 que no seguir\u00e1 en Universidad de Chile y nadie se ha contactado para mantenerlo en el equipo.<\/p>\n","protected":false},"excerpt":{"rendered":"<p>Guillermo Hoyos, se refiri\u00f3 este jueves a la fecha decisiva del Torneo de Transici\u00f3n, donde con ciertos resultados el cuadro azul podr\u00eda jugar un partido definitorio por el t\u00edtulo con Colo Colo, y manifest\u00f3 su deseo que David Pizarro continu\u00e9 en la U. Respecto a la decimoquinta y \u00faltima jornada del campeonato, el estratego declar\u00f3 [&#8230;]<\/p>\n","protected":false},"author":21395,"featured_media":12812,"comment_status":"closed","ping_status":"open","sticky":false,"template":"","format":"standard","meta":{"footnotes":""},"categories":[18],"tags":[454,1116,111,1006,631,118,156],"class_list":{"0":"post-13298","1":"post","2":"type-post","3":"status-publish","4":"format-standard","5":"has-post-thumbnail","7":"category-actualidad","8":"tag-actualidad","9":"tag-cuadro-magico","10":"tag-david-pizarro","11":"tag-guillermo-hoyos","12":"tag-mauricio-pinilla","13":"tag-sebastian-ubilla","14":"tag-universidad-de-chile"},"_links":{"self":[{"href":"http:\/\/www.rincondelbulla.cl\/portal\/wp-json\/wp\/v2\/posts\/13298","targetHints":{"allow":["GET"]}}],"collection":[{"href":"http:\/\/www.rincondelbulla.cl\/portal\/wp-json\/wp\/v2\/posts"}],"about":[{"href":"http:\/\/www.rincondelbulla.cl\/portal\/wp-json\/wp\/v2\/types\/post"}],"author":[{"embeddable":true,"href":"http:\/\/www.rincondelbulla.cl\/portal\/wp-json\/wp\/v2\/users\/21395"}],"replies":[{"embeddable":true,"href":"http:\/\/www.rincondelbulla.cl\/portal\/wp-json\/wp\/v2\/comments?post=13298"}],"version-history":[{"count":1,"href":"http:\/\/www.rincondelbulla.cl\/portal\/wp-json\/wp\/v2\/posts\/13298\/revisions"}],"predecessor-version":[{"id":13299,"href":"http:\/\/www.rincondelbulla.cl\/portal\/wp-json\/wp\/v2\/posts\/13298\/revisions\/13299"}],"wp:featuredmedia":[{"embeddable":true,"href":"http:\/\/www.rincondelbulla.cl\/portal\/wp-json\/wp\/v2\/media\/12812"}],"wp:attachment":[{"href":"http:\/\/www.rincondelbulla.cl\/portal\/wp-json\/wp\/v2\/media?parent=13298"}],"wp:term":[{"taxonomy":"category","embeddable":true,"href":"http:\/\/www.rincondelbulla.cl\/portal\/wp-json\/wp\/v2\/categories?post=13298"},{"taxonomy":"post_tag","embeddable":true,"href":"http:\/\/www.rincondelbulla.cl\/portal\/wp-json\/wp\/v2\/tags?post=13298"}],"curies":[{"name":"wp","href":"https:\/\/api.w.org\/{rel}","templated":true}]}}