{"id":13300,"date":"2017-12-09T11:48:06","date_gmt":"2017-12-09T14:48:06","guid":{"rendered":"http:\/\/www.rincondelbulla.cl\/portal\/?p=13300"},"modified":"2017-12-09T11:48:06","modified_gmt":"2017-12-09T14:48:06","slug":"david-no-se-retira","status":"publish","type":"post","link":"http:\/\/www.rincondelbulla.cl\/portal\/2017\/12\/09\/david-no-se-retira\/","title":{"rendered":"David no se retira"},"content":{"rendered":"<p><img loading=\"lazy\" decoding=\"async\" class=\"aligncenter size-full wp-image-13301\" src=\"http:\/\/www.rincondelbulla.cl\/portal\/wp-content\/uploads\/2017\/12\/David-Pizarro.jpg\" alt=\"\" width=\"1151\" height=\"700\" srcset=\"http:\/\/www.rincondelbulla.cl\/portal\/wp-content\/uploads\/2017\/12\/David-Pizarro.jpg 1151w, http:\/\/www.rincondelbulla.cl\/portal\/wp-content\/uploads\/2017\/12\/David-Pizarro-300x182.jpg 300w, http:\/\/www.rincondelbulla.cl\/portal\/wp-content\/uploads\/2017\/12\/David-Pizarro-768x467.jpg 768w, http:\/\/www.rincondelbulla.cl\/portal\/wp-content\/uploads\/2017\/12\/David-Pizarro-696x423.jpg 696w, http:\/\/www.rincondelbulla.cl\/portal\/wp-content\/uploads\/2017\/12\/David-Pizarro-1068x650.jpg 1068w, http:\/\/www.rincondelbulla.cl\/portal\/wp-content\/uploads\/2017\/12\/David-Pizarro-691x420.jpg 691w\" sizes=\"auto, (max-width: 1151px) 100vw, 1151px\" \/><\/p>\n<p><strong>David Pizarro espera convertirse en pieza clave de Universidad de Chile en la Copa Libertadores 2018 y por esta raz\u00f3n decidi\u00f3 prolongar por seis meses m\u00e1s su permanencia en el cuadro m\u00e1gico.<\/strong><\/p>\n<p>En la semana se especul\u00f3 con fuerza la posibilidad del retiro a fin de a\u00f1o del \u2018Fantasista\u2019, pero el entrenador \u00c1ngel Guillermo Hoyos ya hab\u00eda manifestado su deseo que el ex AS Roma, Inter y Fiorentina siguiera en el elenco colegial.<\/p>\n<p>Seg\u00fan inform\u00f3 Mega, el formado en Santiago Wanderers acord\u00f3 continuar defendiendo al actual monarca del balompi\u00e9 nacional hasta junio del 2018. Si la \u2018U\u2019 sigue avanzando en la Libertadores, que ahora cuenta con formato anual, el experimentado volante extender\u00eda su permanencia hasta fin del pr\u00f3ximo a\u00f1o.<\/p>\n<p>\u00abPor la tarde (de ayer) salieron sonrisas. David Pizarro seguir\u00e1 en el f\u00fatbol por lo menos seis meses m\u00e1s. Extender\u00e1 su contrato para jugar la Copa Libertadores y despu\u00e9s seguir\u00e1 vinculado al cuadro azul\u00bb, expres\u00f3 Ahora Noticias.<\/p>\n<p>Pizarro es el tercer goleador de la plantilla en el segundo semestre, con tres tantos junto a Gustavo Lorenzetti, y asoma como titular para el choque con Deportes Iquique, donde la \u2018U\u2019 est\u00e1 obligada a ganar y esperar una derrota de Colo Colo, como tambi\u00e9n que Uni\u00f3n Espa\u00f1ola no sume de a tres ante Everton, para jugar una definici\u00f3n por el t\u00edtulo del Transici\u00f3n.<\/p>\n","protected":false},"excerpt":{"rendered":"<p>David Pizarro espera convertirse en pieza clave de Universidad de Chile en la Copa Libertadores 2018 y por esta raz\u00f3n decidi\u00f3 prolongar por seis meses m\u00e1s su permanencia en el cuadro m\u00e1gico. En la semana se especul\u00f3 con fuerza la posibilidad del retiro a fin de a\u00f1o del \u2018Fantasista\u2019, pero el entrenador \u00c1ngel Guillermo Hoyos [&#8230;]<\/p>\n","protected":false},"author":21398,"featured_media":13301,"comment_status":"closed","ping_status":"open","sticky":false,"template":"","format":"standard","meta":{"footnotes":""},"categories":[18],"tags":[454,1116,111,156],"class_list":{"0":"post-13300","1":"post","2":"type-post","3":"status-publish","4":"format-standard","5":"has-post-thumbnail","7":"category-actualidad","8":"tag-actualidad","9":"tag-cuadro-magico","10":"tag-david-pizarro","11":"tag-universidad-de-chile"},"_links":{"self":[{"href":"http:\/\/www.rincondelbulla.cl\/portal\/wp-json\/wp\/v2\/posts\/13300","targetHints":{"allow":["GET"]}}],"collection":[{"href":"http:\/\/www.rincondelbulla.cl\/portal\/wp-json\/wp\/v2\/posts"}],"about":[{"href":"http:\/\/www.rincondelbulla.cl\/portal\/wp-json\/wp\/v2\/types\/post"}],"author":[{"embeddable":true,"href":"http:\/\/www.rincondelbulla.cl\/portal\/wp-json\/wp\/v2\/users\/21398"}],"replies":[{"embeddable":true,"href":"http:\/\/www.rincondelbulla.cl\/portal\/wp-json\/wp\/v2\/comments?post=13300"}],"version-history":[{"count":1,"href":"http:\/\/www.rincondelbulla.cl\/portal\/wp-json\/wp\/v2\/posts\/13300\/revisions"}],"predecessor-version":[{"id":13302,"href":"http:\/\/www.rincondelbulla.cl\/portal\/wp-json\/wp\/v2\/posts\/13300\/revisions\/13302"}],"wp:featuredmedia":[{"embeddable":true,"href":"http:\/\/www.rincondelbulla.cl\/portal\/wp-json\/wp\/v2\/media\/13301"}],"wp:attachment":[{"href":"http:\/\/www.rincondelbulla.cl\/portal\/wp-json\/wp\/v2\/media?parent=13300"}],"wp:term":[{"taxonomy":"category","embeddable":true,"href":"http:\/\/www.rincondelbulla.cl\/portal\/wp-json\/wp\/v2\/categories?post=13300"},{"taxonomy":"post_tag","embeddable":true,"href":"http:\/\/www.rincondelbulla.cl\/portal\/wp-json\/wp\/v2\/tags?post=13300"}],"curies":[{"name":"wp","href":"https:\/\/api.w.org\/{rel}","templated":true}]}}