{"id":13304,"date":"2017-12-09T12:04:18","date_gmt":"2017-12-09T15:04:18","guid":{"rendered":"http:\/\/www.rincondelbulla.cl\/portal\/?p=13304"},"modified":"2017-12-09T12:07:24","modified_gmt":"2017-12-09T15:07:24","slug":"ubilla-no-va-mas-en-el-cuadro-magico","status":"publish","type":"post","link":"http:\/\/www.rincondelbulla.cl\/portal\/2017\/12\/09\/ubilla-no-va-mas-en-el-cuadro-magico\/","title":{"rendered":"Ubilla no va m\u00e1s en el Cuadro m\u00e1gico"},"content":{"rendered":"<figure id=\"attachment_12822\" aria-describedby=\"caption-attachment-12822\" style=\"width: 749px\" class=\"wp-caption alignleft\"><img loading=\"lazy\" decoding=\"async\" class=\" wp-image-12822\" src=\"http:\/\/www.rincondelbulla.cl\/portal\/wp-content\/uploads\/2017\/10\/IMG-20171014-WA0021.jpg\" alt=\"\" width=\"749\" height=\"500\" srcset=\"http:\/\/www.rincondelbulla.cl\/portal\/wp-content\/uploads\/2017\/10\/IMG-20171014-WA0021.jpg 640w, http:\/\/www.rincondelbulla.cl\/portal\/wp-content\/uploads\/2017\/10\/IMG-20171014-WA0021-300x200.jpg 300w, http:\/\/www.rincondelbulla.cl\/portal\/wp-content\/uploads\/2017\/10\/IMG-20171014-WA0021-630x420.jpg 630w\" sizes=\"auto, (max-width: 749px) 100vw, 749px\" \/><figcaption id=\"caption-attachment-12822\" class=\"wp-caption-text\">Foto: Photosport<\/figcaption><\/figure>\n<p><strong>Entre especulaciones, declaraciones del profe Hoyos, Carlos Heller y todo ese show. La \u00faltima palabra la tuvo Sebasti\u00e1n Ubilla.<\/strong><\/p>\n<p>El jueves en conferencia de prensa, Guillermo Hoyos, ocult\u00f3 algo que era un secreto a voces, la partida del Conejo tras terminar su contrato con la U.<\/p>\n<p>\u201cSebasti\u00e1n Ubilla es un jugador muy importante para la instituci\u00f3n. Si tiene ofertas del extranjero que debe considerar. Le deseo lo mejor para \u00e9l. Si hay algo importante econ\u00f3mica y deportivamente para \u00e9l, me pone contento. Es muy importante para nosotros\u201d.<\/p>\n<p>El mismo jueves, Carlos Heller, presidente de la U, revel\u00f3 algunos datos m\u00e1s respecto a la posible partida del delantero: \u00abSiempre he sentido que Sebasti\u00e1n tiene las ganas de jugar afuera. Como es una deuda que tiene consigo mismo,\u00a0tiene ganas de ir a Estados Unidos. Lo he escuchado y lo he conversado con \u00e9l\u00bb.<\/p>\n<p><img loading=\"lazy\" decoding=\"async\" class=\"alignleft wp-image-13305\" src=\"http:\/\/www.rincondelbulla.cl\/portal\/wp-content\/uploads\/2017\/12\/Conejo.jpg\" alt=\"\" width=\"272\" height=\"483\" srcset=\"http:\/\/www.rincondelbulla.cl\/portal\/wp-content\/uploads\/2017\/12\/Conejo.jpg 400w, http:\/\/www.rincondelbulla.cl\/portal\/wp-content\/uploads\/2017\/12\/Conejo-169x300.jpg 169w, http:\/\/www.rincondelbulla.cl\/portal\/wp-content\/uploads\/2017\/12\/Conejo-237x420.jpg 237w\" sizes=\"auto, (max-width: 272px) 100vw, 272px\" \/>Finalmente, el \u00ab11\u00bb azul dio la \u00faltima palabra <strong>en <a href=\"https:\/\/twitter.com\/LeoMoraRadio\/status\/938829588028895232\">conversaci\u00f3n<\/a> con Rinc\u00f3n del Bulla<\/strong>, revel\u00f3 que no jugar\u00eda esta jornada y que no se deb\u00eda a ninguna dolencia f\u00edsica como se especul\u00f3, sino que, a que definitivamente el no va m\u00e1s en la U y se lo hicieron saber.<\/p>\n<p>Algo te termin\u00f3 confirmando en su instagram con un \u00abgracias por todo\u00bb y una imagen dando la vuelta en el \u00faltimo campeonato ganado por la U el semestre pasado.<\/p>\n<p>Ubilla lleg\u00f3 a la U en 2012, en el duelo de semifinales de Copa Libertadores ante Boca Juniors, proveniente desde\u00a0Santiago Wanderers\u00a0(elenco con el que debut\u00f3 en el profesionalismo en 2008). Defendi\u00f3 en\u00a0153 ocasiones\u00a0la camiseta azul, marcando\u00a051 goles.<\/p>\n<p>Con la U gan\u00f3 cinco t\u00edtulos:\u00a0Dos de Primera Divisi\u00f3n\u00a0(Apertura 2014 y Clausura 2017),\u00a0dos de Copa Chile\u00a0(2012\/13 y 2015) y\u00a0una Supercopa\u00a0(2015).<\/p>\n<p>&nbsp;<\/p>\n","protected":false},"excerpt":{"rendered":"<p>Entre especulaciones, declaraciones del profe Hoyos, Carlos Heller y todo ese show. La \u00faltima palabra la tuvo Sebasti\u00e1n Ubilla. El jueves en conferencia de prensa, Guillermo Hoyos, ocult\u00f3 algo que era un secreto a voces, la partida del Conejo tras terminar su contrato con la U. \u201cSebasti\u00e1n Ubilla es un jugador muy importante para la [&#8230;]<\/p>\n","protected":false},"author":21395,"featured_media":11239,"comment_status":"closed","ping_status":"open","sticky":false,"template":"","format":"standard","meta":{"footnotes":""},"categories":[18],"tags":[454,1082,1116,118,156],"class_list":{"0":"post-13304","1":"post","2":"type-post","3":"status-publish","4":"format-standard","5":"has-post-thumbnail","7":"category-actualidad","8":"tag-actualidad","9":"tag-conejo","10":"tag-cuadro-magico","11":"tag-sebastian-ubilla","12":"tag-universidad-de-chile"},"_links":{"self":[{"href":"http:\/\/www.rincondelbulla.cl\/portal\/wp-json\/wp\/v2\/posts\/13304","targetHints":{"allow":["GET"]}}],"collection":[{"href":"http:\/\/www.rincondelbulla.cl\/portal\/wp-json\/wp\/v2\/posts"}],"about":[{"href":"http:\/\/www.rincondelbulla.cl\/portal\/wp-json\/wp\/v2\/types\/post"}],"author":[{"embeddable":true,"href":"http:\/\/www.rincondelbulla.cl\/portal\/wp-json\/wp\/v2\/users\/21395"}],"replies":[{"embeddable":true,"href":"http:\/\/www.rincondelbulla.cl\/portal\/wp-json\/wp\/v2\/comments?post=13304"}],"version-history":[{"count":2,"href":"http:\/\/www.rincondelbulla.cl\/portal\/wp-json\/wp\/v2\/posts\/13304\/revisions"}],"predecessor-version":[{"id":13308,"href":"http:\/\/www.rincondelbulla.cl\/portal\/wp-json\/wp\/v2\/posts\/13304\/revisions\/13308"}],"wp:featuredmedia":[{"embeddable":true,"href":"http:\/\/www.rincondelbulla.cl\/portal\/wp-json\/wp\/v2\/media\/11239"}],"wp:attachment":[{"href":"http:\/\/www.rincondelbulla.cl\/portal\/wp-json\/wp\/v2\/media?parent=13304"}],"wp:term":[{"taxonomy":"category","embeddable":true,"href":"http:\/\/www.rincondelbulla.cl\/portal\/wp-json\/wp\/v2\/categories?post=13304"},{"taxonomy":"post_tag","embeddable":true,"href":"http:\/\/www.rincondelbulla.cl\/portal\/wp-json\/wp\/v2\/tags?post=13304"}],"curies":[{"name":"wp","href":"https:\/\/api.w.org\/{rel}","templated":true}]}}