{"id":13311,"date":"2017-12-09T12:14:39","date_gmt":"2017-12-09T15:14:39","guid":{"rendered":"http:\/\/www.rincondelbulla.cl\/portal\/?p=13311"},"modified":"2017-12-09T12:14:39","modified_gmt":"2017-12-09T15:14:39","slug":"montillo-la-u-o-la-union","status":"publish","type":"post","link":"http:\/\/www.rincondelbulla.cl\/portal\/2017\/12\/09\/montillo-la-u-o-la-union\/","title":{"rendered":"Montillo: \u00bfLa U o la Uni\u00f3n?"},"content":{"rendered":"<figure id=\"attachment_6018\" aria-describedby=\"caption-attachment-6018\" style=\"width: 1100px\" class=\"wp-caption aligncenter\"><img loading=\"lazy\" decoding=\"async\" class=\"size-full wp-image-6018\" src=\"http:\/\/www.rincondelbulla.cl\/portal\/wp-content\/uploads\/2014\/11\/walter_montillo.jpg\" alt=\"\" width=\"1100\" height=\"700\" srcset=\"http:\/\/www.rincondelbulla.cl\/portal\/wp-content\/uploads\/2014\/11\/walter_montillo.jpg 1100w, http:\/\/www.rincondelbulla.cl\/portal\/wp-content\/uploads\/2014\/11\/walter_montillo-300x191.jpg 300w, http:\/\/www.rincondelbulla.cl\/portal\/wp-content\/uploads\/2014\/11\/walter_montillo-768x489.jpg 768w, http:\/\/www.rincondelbulla.cl\/portal\/wp-content\/uploads\/2014\/11\/walter_montillo-696x443.jpg 696w, http:\/\/www.rincondelbulla.cl\/portal\/wp-content\/uploads\/2014\/11\/walter_montillo-1068x680.jpg 1068w, http:\/\/www.rincondelbulla.cl\/portal\/wp-content\/uploads\/2014\/11\/walter_montillo-660x420.jpg 660w\" sizes=\"auto, (max-width: 1100px) 100vw, 1100px\" \/><figcaption id=\"caption-attachment-6018\" class=\"wp-caption-text\">Foto: Claudio C\u00e1ceres<\/figcaption><\/figure>\n<p><strong>Walter Montillo no ocult\u00f3 su deseo de volver a vestir la casaquilla de Universidad de Chile, principalmente por el cari\u00f1o recibido por los hinchas azules durante su paso del 2008 al 2010.\u00a0<\/strong><\/p>\n<p>El volante de 33 a\u00f1os anunci\u00f3 sorpresivamente en junio del presente a\u00f1o su retiro debido a una lesi\u00f3n cr\u00f3nica, cuando defend\u00eda a Botafogo de Brasil, pero luego medit\u00f3 la decisi\u00f3n y comunic\u00f3 recientemente su regreso a las canchas.<\/p>\n<p>Consultado por la posibilidad de volver al elenco colegial, con el que gan\u00f3 el Apertura 2009, el oriundo de Lan\u00fas declar\u00f3 a La Tercera que \u00abme gustar\u00eda volver a la \u2018U\u2019 por el cari\u00f1o de los hinchas. Yo creo que me agradecen que segu\u00ed jugando en el peor momento de mi vida (por los problemas de salud de su hijo Santino, quien naci\u00f3 con S\u00edndrome de Down)\u00bb.<\/p>\n<p>\u00abYo a la \u2018U\u2019 no volver\u00eda por plata, jugar\u00eda solamente por un salario. Pero si un club no te quiere pagar un salario es directamente porque no te quiere. No arriesgan nada. Una contrataci\u00f3n m\u00e1s f\u00e1cil que la m\u00eda no pueden tener, pero bueno, se lo pierden\u00bb, agreg\u00f3.<\/p>\n<p>Adem\u00e1s, Montillo no escondi\u00f3 su desaz\u00f3n por el nulo inter\u00e9s de Azul Azul de concretar su regreso. \u00abMe apena que la dirigencia de la \u2018U\u2019 no me abra un poquito los brazos. Como dec\u00eda, el club me dio cosas a m\u00ed, pero yo tambi\u00e9n al club. Cre\u00eda que por ese v\u00ednculo se pod\u00eda dar el regreso, pero a veces uno espera cosas de vuelta que no llegan. Los dirigentes sabr\u00e1n\u00bb, dijo.<\/p>\n<p>Por \u00faltimo, la \u00abardilla\u00bb admiti\u00f3 la opci\u00f3n de reforzar la plantilla de Uni\u00f3n Espa\u00f1ola el pr\u00f3ximo a\u00f1o. \u00abHay una linda posibilidad. No habl\u00e9 con (Mart\u00edn) Palermo porque est\u00e1 definiendo el campeonato, est\u00e1n jugando por el t\u00edtulo. No puede pensar en otra cosa. Veremos c\u00f3mo termina todo\u00bb, sentenci\u00f3.<\/p>\n","protected":false},"excerpt":{"rendered":"<p>Walter Montillo no ocult\u00f3 su deseo de volver a vestir la casaquilla de Universidad de Chile, principalmente por el cari\u00f1o recibido por los hinchas azules durante su paso del 2008 al 2010.\u00a0 El volante de 33 a\u00f1os anunci\u00f3 sorpresivamente en junio del presente a\u00f1o su retiro debido a una lesi\u00f3n cr\u00f3nica, cuando defend\u00eda a Botafogo [&#8230;]<\/p>\n","protected":false},"author":21398,"featured_media":13312,"comment_status":"closed","ping_status":"open","sticky":false,"template":"","format":"standard","meta":{"footnotes":""},"categories":[18],"tags":[454,174,1116,1294,470,156,61],"class_list":{"0":"post-13311","1":"post","2":"type-post","3":"status-publish","4":"format-standard","5":"has-post-thumbnail","7":"category-actualidad","8":"tag-actualidad","9":"tag-azul-azul","10":"tag-cuadro-magico","12":"tag-union-espanola","13":"tag-universidad-de-chile","14":"tag-walter-montillo"},"_links":{"self":[{"href":"http:\/\/www.rincondelbulla.cl\/portal\/wp-json\/wp\/v2\/posts\/13311","targetHints":{"allow":["GET"]}}],"collection":[{"href":"http:\/\/www.rincondelbulla.cl\/portal\/wp-json\/wp\/v2\/posts"}],"about":[{"href":"http:\/\/www.rincondelbulla.cl\/portal\/wp-json\/wp\/v2\/types\/post"}],"author":[{"embeddable":true,"href":"http:\/\/www.rincondelbulla.cl\/portal\/wp-json\/wp\/v2\/users\/21398"}],"replies":[{"embeddable":true,"href":"http:\/\/www.rincondelbulla.cl\/portal\/wp-json\/wp\/v2\/comments?post=13311"}],"version-history":[{"count":1,"href":"http:\/\/www.rincondelbulla.cl\/portal\/wp-json\/wp\/v2\/posts\/13311\/revisions"}],"predecessor-version":[{"id":13313,"href":"http:\/\/www.rincondelbulla.cl\/portal\/wp-json\/wp\/v2\/posts\/13311\/revisions\/13313"}],"wp:featuredmedia":[{"embeddable":true,"href":"http:\/\/www.rincondelbulla.cl\/portal\/wp-json\/wp\/v2\/media\/13312"}],"wp:attachment":[{"href":"http:\/\/www.rincondelbulla.cl\/portal\/wp-json\/wp\/v2\/media?parent=13311"}],"wp:term":[{"taxonomy":"category","embeddable":true,"href":"http:\/\/www.rincondelbulla.cl\/portal\/wp-json\/wp\/v2\/categories?post=13311"},{"taxonomy":"post_tag","embeddable":true,"href":"http:\/\/www.rincondelbulla.cl\/portal\/wp-json\/wp\/v2\/tags?post=13311"}],"curies":[{"name":"wp","href":"https:\/\/api.w.org\/{rel}","templated":true}]}}