{"id":13353,"date":"2017-12-13T16:03:42","date_gmt":"2017-12-13T19:03:42","guid":{"rendered":"http:\/\/www.rincondelbulla.cl\/portal\/?p=13353"},"modified":"2017-12-13T16:04:33","modified_gmt":"2017-12-13T19:04:33","slug":"montillo-y-el-rechazo-de-la-u-atras-de-todo-esto-hay-otra-cosa","status":"publish","type":"post","link":"http:\/\/www.rincondelbulla.cl\/portal\/2017\/12\/13\/montillo-y-el-rechazo-de-la-u-atras-de-todo-esto-hay-otra-cosa\/","title":{"rendered":"Montillo y el rechazo de la U: \u00abAtr\u00e1s de todo esto hay otra cosa\u00bb"},"content":{"rendered":"<p><img loading=\"lazy\" decoding=\"async\" class=\"aligncenter size-full wp-image-13354\" src=\"http:\/\/www.rincondelbulla.cl\/portal\/wp-content\/uploads\/2017\/12\/Montillo-1.jpg\" alt=\"\" width=\"1200\" height=\"675\" srcset=\"http:\/\/www.rincondelbulla.cl\/portal\/wp-content\/uploads\/2017\/12\/Montillo-1.jpg 1200w, http:\/\/www.rincondelbulla.cl\/portal\/wp-content\/uploads\/2017\/12\/Montillo-1-300x169.jpg 300w, http:\/\/www.rincondelbulla.cl\/portal\/wp-content\/uploads\/2017\/12\/Montillo-1-768x432.jpg 768w, http:\/\/www.rincondelbulla.cl\/portal\/wp-content\/uploads\/2017\/12\/Montillo-1-696x392.jpg 696w, http:\/\/www.rincondelbulla.cl\/portal\/wp-content\/uploads\/2017\/12\/Montillo-1-1068x601.jpg 1068w, http:\/\/www.rincondelbulla.cl\/portal\/wp-content\/uploads\/2017\/12\/Montillo-1-747x420.jpg 747w\" sizes=\"auto, (max-width: 1200px) 100vw, 1200px\" \/><\/p>\n<p><strong>Walter Montillo sigue sentido con Azul Azul, tras la respuesta de Ronald Fuentes y su posible llegada al cuadro m\u00e1gico.<\/strong><\/p>\n<p>En conversaci\u00f3n con el programa <strong>Agenda Fox<\/strong>, Montillo hizo sus descargos de todo lo comentado en estas \u00faltimas horas:\u00a0\u00abMe molest\u00f3 la manera en que lo hicieron, porque uno tiene una trayectoria, no es que empec\u00e9 a jugar ayer, estoy grande para aguantar ciertas cosas\u00bb.<\/p>\n<p>De hecho, la ardilla ya hab\u00eda declarado en su instagram con palabras m\u00e1s duras, hacia Ronald Fuentes:\u00a0\u00abTener que escuchar barbaridades de personas que poco han conseguido en su vida y que menos respetan a los pares me hacen tener ese don que no es para muchos\u00bb.<\/p>\n<p>\u00abPara ser gerente deportivo de la U deber\u00eda estar m\u00e1s preparado para estas cosas\u00bb, argument\u00f3 en el programa televisivo, respecto a la gesti\u00f3n de <a href=\"http:\/\/www.rincondelbulla.cl\/portal\/2017\/12\/11\/ronald-fuentes-pizarro-renovo-por-un-ano-y-montillo-nunca-ha-sido-tema\/\"><strong>Ronald<\/strong>.<\/a><\/p>\n<p>\u00abAtr\u00e1s de todo esto hay otra cosa. Es algo personal, no f\u00edsico o futbol\u00edstico\u00bb, denunci\u00f3 el transandino. \u201cLe han dado oportunidades a otros que est\u00e1n peor que yo\u00bb.<\/p>\n<p>Sigui\u00f3 entregando su postura: \u00abMe ofrec\u00ed porque quer\u00eda volver, por el cari\u00f1o de la gente, por el amor que tengo por el club\u2026 F\u00edsicamente estoy bien. Estoy entrenando hace cinco meses, con un plan de trabajo profesional\u201d, agreg\u00f3 el volante. \u201cA los 33 a\u00f1os, en el f\u00fatbol de hoy, eres joven. Necesitaba tiempo para recuperarme y lo hice\u00bb.<\/p>\n<p>Lo m\u00e1s seguro es que el ex 10 azules, termine recalando en Santa Laura en Uni\u00f3n Espa\u00f1ola:\u00a0\u00abNo hay nada concreto, pero est\u00e1 hablando con ellos. Viene hablando muy serio, le pasan confianza de que se puede llegar a dar. No sabemos a\u00fan, porque Uni\u00f3n no termina de jugar el torneo\u00bb.<\/p>\n<p>&nbsp;<\/p>\n","protected":false},"excerpt":{"rendered":"<p>Walter Montillo sigue sentido con Azul Azul, tras la respuesta de Ronald Fuentes y su posible llegada al cuadro m\u00e1gico. En conversaci\u00f3n con el programa Agenda Fox, Montillo hizo sus descargos de todo lo comentado en estas \u00faltimas horas:\u00a0\u00abMe molest\u00f3 la manera en que lo hicieron, porque uno tiene una trayectoria, no es que empec\u00e9 [&#8230;]<\/p>\n","protected":false},"author":21398,"featured_media":13354,"comment_status":"closed","ping_status":"open","sticky":false,"template":"","format":"standard","meta":{"footnotes":""},"categories":[18],"tags":[454,1304,174,1305,480,156,61],"class_list":{"0":"post-13353","1":"post","2":"type-post","3":"status-publish","4":"format-standard","5":"has-post-thumbnail","7":"category-actualidad","8":"tag-actualidad","9":"tag-agenda-fox","10":"tag-azul-azul","11":"tag-fox-sports-chile","12":"tag-ronald-fuentes","13":"tag-universidad-de-chile","14":"tag-walter-montillo"},"_links":{"self":[{"href":"http:\/\/www.rincondelbulla.cl\/portal\/wp-json\/wp\/v2\/posts\/13353","targetHints":{"allow":["GET"]}}],"collection":[{"href":"http:\/\/www.rincondelbulla.cl\/portal\/wp-json\/wp\/v2\/posts"}],"about":[{"href":"http:\/\/www.rincondelbulla.cl\/portal\/wp-json\/wp\/v2\/types\/post"}],"author":[{"embeddable":true,"href":"http:\/\/www.rincondelbulla.cl\/portal\/wp-json\/wp\/v2\/users\/21398"}],"replies":[{"embeddable":true,"href":"http:\/\/www.rincondelbulla.cl\/portal\/wp-json\/wp\/v2\/comments?post=13353"}],"version-history":[{"count":2,"href":"http:\/\/www.rincondelbulla.cl\/portal\/wp-json\/wp\/v2\/posts\/13353\/revisions"}],"predecessor-version":[{"id":13356,"href":"http:\/\/www.rincondelbulla.cl\/portal\/wp-json\/wp\/v2\/posts\/13353\/revisions\/13356"}],"wp:featuredmedia":[{"embeddable":true,"href":"http:\/\/www.rincondelbulla.cl\/portal\/wp-json\/wp\/v2\/media\/13354"}],"wp:attachment":[{"href":"http:\/\/www.rincondelbulla.cl\/portal\/wp-json\/wp\/v2\/media?parent=13353"}],"wp:term":[{"taxonomy":"category","embeddable":true,"href":"http:\/\/www.rincondelbulla.cl\/portal\/wp-json\/wp\/v2\/categories?post=13353"},{"taxonomy":"post_tag","embeddable":true,"href":"http:\/\/www.rincondelbulla.cl\/portal\/wp-json\/wp\/v2\/tags?post=13353"}],"curies":[{"name":"wp","href":"https:\/\/api.w.org\/{rel}","templated":true}]}}