{"id":13363,"date":"2017-12-15T14:02:58","date_gmt":"2017-12-15T17:02:58","guid":{"rendered":"http:\/\/www.rincondelbulla.cl\/portal\/?p=13363"},"modified":"2017-12-15T14:02:58","modified_gmt":"2017-12-15T17:02:58","slug":"hinchas-quieren-hacer-lo-imposible-que-vuelva-montillo","status":"publish","type":"post","link":"http:\/\/www.rincondelbulla.cl\/portal\/2017\/12\/15\/hinchas-quieren-hacer-lo-imposible-que-vuelva-montillo\/","title":{"rendered":"Hinchas quieren hacer lo imposible: \u00abQue vuelva Montillo\u00bb"},"content":{"rendered":"<p><img loading=\"lazy\" decoding=\"async\" class=\"aligncenter size-full wp-image-13364\" src=\"http:\/\/www.rincondelbulla.cl\/portal\/wp-content\/uploads\/2017\/12\/Que-vuelva-Montillo.jpg\" alt=\"\" width=\"1053\" height=\"700\" srcset=\"http:\/\/www.rincondelbulla.cl\/portal\/wp-content\/uploads\/2017\/12\/Que-vuelva-Montillo.jpg 1053w, http:\/\/www.rincondelbulla.cl\/portal\/wp-content\/uploads\/2017\/12\/Que-vuelva-Montillo-300x199.jpg 300w, http:\/\/www.rincondelbulla.cl\/portal\/wp-content\/uploads\/2017\/12\/Que-vuelva-Montillo-768x511.jpg 768w, http:\/\/www.rincondelbulla.cl\/portal\/wp-content\/uploads\/2017\/12\/Que-vuelva-Montillo-696x463.jpg 696w, http:\/\/www.rincondelbulla.cl\/portal\/wp-content\/uploads\/2017\/12\/Que-vuelva-Montillo-632x420.jpg 632w\" sizes=\"auto, (max-width: 1053px) 100vw, 1053px\" \/><\/p>\n<p><strong>Tras la negativa de la U y las palabras del propio jugador, los hinchas azules se organizaron para hacer saber su parecer: \u00a1Qu\u00e9 vuelva Montillo!<\/strong><\/p>\n<p>\u00abMontillo para nosotros nunca ha sido un tema, Pablo Silva -gerente ejecutivo de Azul Azul-, tuvo la conversaci\u00f3n con su representante y se le dijo que no hac\u00edamos un seguimiento a Walter,\u00a0no era una opci\u00f3n para nosotros, no era una opci\u00f3n para Guillermo -Hoyos, entrenador- tampoco\u00bb, fueron las palabras de Ronald Fuentes, que hicieron molestarse a cientos de hinchas azules.<\/p>\n<p>Montillo por su parte argument\u00f3 que: \u00abMe pone triste porque me estoy regalando al club, no quiero sacarle nada al club\u00bb, remat\u00f3 Montillo, quien explic\u00f3 que solo ped\u00eda un salario al cuadro estudiantil.<\/p>\n<p>Es por eso, que algunos hinchas creen en el poder de la web, las redes sociales, y, por eso crearon la web www.quevuelvamontillo.cl<\/p>\n<p>En esta podr\u00e1n dejar sus buenos deseos al ex \u00ab10\u00bb azul y aparecer\u00e1n en tuiter \u00abQueremos de vuelta a Walter @Montil10 en @UDeChile http:\/\/quevuelvamontillo.cl\/\u00bb.<\/p>\n","protected":false},"excerpt":{"rendered":"<p>Tras la negativa de la U y las palabras del propio jugador, los hinchas azules se organizaron para hacer saber su parecer: \u00a1Qu\u00e9 vuelva Montillo! \u00abMontillo para nosotros nunca ha sido un tema, Pablo Silva -gerente ejecutivo de Azul Azul-, tuvo la conversaci\u00f3n con su representante y se le dijo que no hac\u00edamos un seguimiento [&#8230;]<\/p>\n","protected":false},"author":21398,"featured_media":13364,"comment_status":"closed","ping_status":"open","sticky":false,"template":"","format":"standard","meta":{"footnotes":""},"categories":[18],"tags":[454,1116,480,156,61,1308],"class_list":{"0":"post-13363","1":"post","2":"type-post","3":"status-publish","4":"format-standard","5":"has-post-thumbnail","7":"category-actualidad","8":"tag-actualidad","9":"tag-cuadro-magico","10":"tag-ronald-fuentes","11":"tag-universidad-de-chile","12":"tag-walter-montillo","13":"tag-www-quevuelvamontillo-cl"},"_links":{"self":[{"href":"http:\/\/www.rincondelbulla.cl\/portal\/wp-json\/wp\/v2\/posts\/13363","targetHints":{"allow":["GET"]}}],"collection":[{"href":"http:\/\/www.rincondelbulla.cl\/portal\/wp-json\/wp\/v2\/posts"}],"about":[{"href":"http:\/\/www.rincondelbulla.cl\/portal\/wp-json\/wp\/v2\/types\/post"}],"author":[{"embeddable":true,"href":"http:\/\/www.rincondelbulla.cl\/portal\/wp-json\/wp\/v2\/users\/21398"}],"replies":[{"embeddable":true,"href":"http:\/\/www.rincondelbulla.cl\/portal\/wp-json\/wp\/v2\/comments?post=13363"}],"version-history":[{"count":1,"href":"http:\/\/www.rincondelbulla.cl\/portal\/wp-json\/wp\/v2\/posts\/13363\/revisions"}],"predecessor-version":[{"id":13365,"href":"http:\/\/www.rincondelbulla.cl\/portal\/wp-json\/wp\/v2\/posts\/13363\/revisions\/13365"}],"wp:featuredmedia":[{"embeddable":true,"href":"http:\/\/www.rincondelbulla.cl\/portal\/wp-json\/wp\/v2\/media\/13364"}],"wp:attachment":[{"href":"http:\/\/www.rincondelbulla.cl\/portal\/wp-json\/wp\/v2\/media?parent=13363"}],"wp:term":[{"taxonomy":"category","embeddable":true,"href":"http:\/\/www.rincondelbulla.cl\/portal\/wp-json\/wp\/v2\/categories?post=13363"},{"taxonomy":"post_tag","embeddable":true,"href":"http:\/\/www.rincondelbulla.cl\/portal\/wp-json\/wp\/v2\/tags?post=13363"}],"curies":[{"name":"wp","href":"https:\/\/api.w.org\/{rel}","templated":true}]}}