{"id":13366,"date":"2017-12-18T11:24:18","date_gmt":"2017-12-18T14:24:18","guid":{"rendered":"http:\/\/www.rincondelbulla.cl\/portal\/?p=13366"},"modified":"2017-12-18T11:24:18","modified_gmt":"2017-12-18T14:24:18","slug":"le-va-pegar-el-pato","status":"publish","type":"post","link":"http:\/\/www.rincondelbulla.cl\/portal\/2017\/12\/18\/le-va-pegar-el-pato\/","title":{"rendered":"\u00a1Le va pegar el Pato&#8230;!"},"content":{"rendered":"<p><img loading=\"lazy\" decoding=\"async\" class=\"alignleft size-full wp-image-13368\" src=\"http:\/\/www.rincondelbulla.cl\/portal\/wp-content\/uploads\/2017\/12\/Pato-Mardones-1.jpg\" alt=\"\" width=\"2048\" height=\"1365\" srcset=\"http:\/\/www.rincondelbulla.cl\/portal\/wp-content\/uploads\/2017\/12\/Pato-Mardones-1.jpg 2048w, http:\/\/www.rincondelbulla.cl\/portal\/wp-content\/uploads\/2017\/12\/Pato-Mardones-1-300x200.jpg 300w, http:\/\/www.rincondelbulla.cl\/portal\/wp-content\/uploads\/2017\/12\/Pato-Mardones-1-768x512.jpg 768w, http:\/\/www.rincondelbulla.cl\/portal\/wp-content\/uploads\/2017\/12\/Pato-Mardones-1-1200x800.jpg 1200w, http:\/\/www.rincondelbulla.cl\/portal\/wp-content\/uploads\/2017\/12\/Pato-Mardones-1-696x464.jpg 696w, http:\/\/www.rincondelbulla.cl\/portal\/wp-content\/uploads\/2017\/12\/Pato-Mardones-1-1068x712.jpg 1068w, http:\/\/www.rincondelbulla.cl\/portal\/wp-content\/uploads\/2017\/12\/Pato-Mardones-1-630x420.jpg 630w\" sizes=\"auto, (max-width: 2048px) 100vw, 2048px\" \/><\/p>\n<p><strong>Para algunos este d\u00eda tiene mucho significado pues es la esencia del hincha azul.\u00a0<\/strong><\/p>\n<p>El 18 de diciembre no es un d\u00eda m\u00e1s en el calendario, ni mucho menos una efem\u00e9ride m\u00e1s en el calendario azul.<\/p>\n<p>Este d\u00eda significa el sacrificio, esperanza y fe de cientos de azules, que sin tener nada lo quer\u00edan todo.<\/p>\n<p>Tuvieron que viajar como pudieron a El Salvador, porque no exist\u00edan medios como hoy para llegar a ese rec\u00f3ndito lugar, pero ten\u00edan la esperanza intacta, ya que el duelo con Cat\u00f3lica, les hab\u00eda dejado un camino algo pavimentado y con todo ello, m\u00e1s una larga traves\u00eda en el desierto de 25 a\u00f1os sin saber que era ser campeones, los azules llegaron a un lugar que posteriormente llamar\u00edan \u00abTierra Santa\u00bb, aquella jornada de 1994.<\/p>\n<p>Patricio Mardones ya hab\u00eda sido campe\u00f3n del f\u00fatbol chileno con Universidad Cat\u00f3lica en 1987, pero el penal que le convirti\u00f3 a Johnny P\u00e9rez en El Salvador ese d\u00eda, que decret\u00f3 el 1-1 final y el t\u00edtulo para Universidad de Chile, lo instal\u00f3 en un lugar especial de los hinchas azules. Y \u00e9l tambi\u00e9n reconoce que la \u2018U\u2019 qued\u00f3 en un sitio importante de su vida.<\/p>\n<p><iframe loading=\"lazy\" width=\"560\" height=\"315\" src=\"https:\/\/www.youtube.com\/embed\/rmaQahc9Xo8\" frameborder=\"0\" gesture=\"media\" allow=\"encrypted-media\" allowfullscreen><\/iframe><\/p>\n<p>\u201cMe toc\u00f3 estar en el momento justo. Despu\u00e9s de mucho tiempo entend\u00ed lo que hab\u00eda pasado, c\u00f3mo hab\u00eda entrado en m\u00ed la \u2018U\u2019. Es dif\u00edcil no querer a la \u2018U\u2019, tiene algo especial, tiene piel\u2026 hasta hoy soy un enamorado de la \u2018U\u2019\u201d<\/p>\n<p><iframe loading=\"lazy\" width=\"560\" height=\"315\" src=\"https:\/\/www.youtube.com\/embed\/HzPwrwCfUzQ\" frameborder=\"0\" gesture=\"media\" allow=\"encrypted-media\" allowfullscreen><\/iframe><\/p>\n<p>Las im\u00e1genes posteriores son elocuentes, los hinchas entraron a la cancha, todos lloraban, todos celebraban. Nada pudieron hacer los carabineros presentes en el estadio, ni tampoco los que estaban a lo largo del pa\u00eds, el relato de Jos\u00e9 \u00abPepe\u00bb Ormazabal y las im\u00e1genes televisivas calaron hondo en el coraz\u00f3n de todos los bullangueros.<\/p>\n<p>\u00abVamos a salir campeones el d\u00eda del&#8230; y vamos a celebrar&#8230;\u00bb.<\/p>\n","protected":false},"excerpt":{"rendered":"<p>Para algunos este d\u00eda tiene mucho significado pues es la esencia del hincha azul.\u00a0 El 18 de diciembre no es un d\u00eda m\u00e1s en el calendario, ni mucho menos una efem\u00e9ride m\u00e1s en el calendario azul. Este d\u00eda significa el sacrificio, esperanza y fe de cientos de azules, que sin tener nada lo quer\u00edan todo. [&#8230;]<\/p>\n","protected":false},"author":21395,"featured_media":13367,"comment_status":"closed","ping_status":"open","sticky":false,"template":"","format":"standard","meta":{"footnotes":""},"categories":[18],"tags":[1311,454,1310,1116,566,1312,1212,1309,573,156],"class_list":{"0":"post-13366","1":"post","2":"type-post","3":"status-publish","4":"format-standard","5":"has-post-thumbnail","7":"category-actualidad","8":"tag-25-anos","9":"tag-actualidad","10":"tag-campeonato-1994","11":"tag-cuadro-magico","12":"tag-el-salvador","13":"tag-estadio-el-cobre","14":"tag-historia","15":"tag-patricio-mardones","16":"tag-tierra-santa","17":"tag-universidad-de-chile"},"_links":{"self":[{"href":"http:\/\/www.rincondelbulla.cl\/portal\/wp-json\/wp\/v2\/posts\/13366","targetHints":{"allow":["GET"]}}],"collection":[{"href":"http:\/\/www.rincondelbulla.cl\/portal\/wp-json\/wp\/v2\/posts"}],"about":[{"href":"http:\/\/www.rincondelbulla.cl\/portal\/wp-json\/wp\/v2\/types\/post"}],"author":[{"embeddable":true,"href":"http:\/\/www.rincondelbulla.cl\/portal\/wp-json\/wp\/v2\/users\/21395"}],"replies":[{"embeddable":true,"href":"http:\/\/www.rincondelbulla.cl\/portal\/wp-json\/wp\/v2\/comments?post=13366"}],"version-history":[{"count":1,"href":"http:\/\/www.rincondelbulla.cl\/portal\/wp-json\/wp\/v2\/posts\/13366\/revisions"}],"predecessor-version":[{"id":13369,"href":"http:\/\/www.rincondelbulla.cl\/portal\/wp-json\/wp\/v2\/posts\/13366\/revisions\/13369"}],"wp:featuredmedia":[{"embeddable":true,"href":"http:\/\/www.rincondelbulla.cl\/portal\/wp-json\/wp\/v2\/media\/13367"}],"wp:attachment":[{"href":"http:\/\/www.rincondelbulla.cl\/portal\/wp-json\/wp\/v2\/media?parent=13366"}],"wp:term":[{"taxonomy":"category","embeddable":true,"href":"http:\/\/www.rincondelbulla.cl\/portal\/wp-json\/wp\/v2\/categories?post=13366"},{"taxonomy":"post_tag","embeddable":true,"href":"http:\/\/www.rincondelbulla.cl\/portal\/wp-json\/wp\/v2\/tags?post=13366"}],"curies":[{"name":"wp","href":"https:\/\/api.w.org\/{rel}","templated":true}]}}