{"id":13374,"date":"2017-12-19T12:39:52","date_gmt":"2017-12-19T15:39:52","guid":{"rendered":"http:\/\/www.rincondelbulla.cl\/portal\/?p=13374"},"modified":"2017-12-19T12:39:52","modified_gmt":"2017-12-19T15:39:52","slug":"con-buenos-numeros-termino-el-formativo","status":"publish","type":"post","link":"http:\/\/www.rincondelbulla.cl\/portal\/2017\/12\/19\/con-buenos-numeros-termino-el-formativo\/","title":{"rendered":"Con buenos n\u00fameros termin\u00f3 el Formativo"},"content":{"rendered":"<p><img loading=\"lazy\" decoding=\"async\" class=\"aligncenter size-full wp-image-13132\" src=\"http:\/\/www.rincondelbulla.cl\/portal\/wp-content\/uploads\/2017\/11\/Formativo.jpg\" alt=\"\" width=\"2048\" height=\"1365\" srcset=\"http:\/\/www.rincondelbulla.cl\/portal\/wp-content\/uploads\/2017\/11\/Formativo.jpg 2048w, http:\/\/www.rincondelbulla.cl\/portal\/wp-content\/uploads\/2017\/11\/Formativo-300x200.jpg 300w, http:\/\/www.rincondelbulla.cl\/portal\/wp-content\/uploads\/2017\/11\/Formativo-768x512.jpg 768w, http:\/\/www.rincondelbulla.cl\/portal\/wp-content\/uploads\/2017\/11\/Formativo-1200x800.jpg 1200w, http:\/\/www.rincondelbulla.cl\/portal\/wp-content\/uploads\/2017\/11\/Formativo-696x464.jpg 696w, http:\/\/www.rincondelbulla.cl\/portal\/wp-content\/uploads\/2017\/11\/Formativo-1068x712.jpg 1068w, http:\/\/www.rincondelbulla.cl\/portal\/wp-content\/uploads\/2017\/11\/Formativo-630x420.jpg 630w\" sizes=\"auto, (max-width: 2048px) 100vw, 2048px\" \/><\/p>\n<p><strong>Con la reciente\u00a0obtenci\u00f3n del t\u00edtulo de nuestra Sub 16, se cerr\u00f3 un\u00a0destacado a\u00f1o \u00a0para el F\u00fatbol Joven azul, especialmente en este \u00faltimo semestre, \u00a0donde tres de las cuatro categor\u00edas del \u201dLe\u00f3n\u201d avanzaron a playoffs, incluso, dos lo hicieron como l\u00edderes en la fase regular.<\/strong><\/p>\n<p>Los festejos, claramente, se centraron en los flamantes campeones de la Sub 16, quienes\u00a0comandados por el goleador Ignacio Arqueros lograron quedarse con la corona tras vencer a Everton en la final, premio m\u00e1s que justo tras finalizar\u00a0como punteros en las 15 fechas disputadas.<\/p>\n<p>La Sub 15, en tanto,\u00a0tambi\u00e9n se alz\u00f3 como l\u00edder en su categor\u00eda luego de sumar un 71% de rendimiento, sin embargo, no pudo quedarse con la victoria en la final\u00edsima del certamen, aunque demostr\u00f3 un nivel que nos ilusiona con tener uno de los cuadros m\u00e1s potentes a nivel nacional.<\/p>\n<p>Por su parte, la Sub 17 logr\u00f3 el t\u00edtulo en el primer semestre y en este Clausura cay\u00f3 en semifinales ante O\u2019Higgins, mediante lanzamientos penales, imposibilitando la opci\u00f3n del bicampeonato. De todas formas,\u00a0fue un claro protagonista en la fase regular con los 26 puntos obtenidos y un total de 34 goles a favor.<\/p>\n<p>Finalmente\u00a0la serie Juvenil se destac\u00f3 por aportar dos jugadores al Primer Equipo, como Nicol\u00e1s Guerra y Gonzalo Collao, sum\u00e1ndose a los anteriores ascensos de Iv\u00e1n Rozas y Yerko Leiva, canteranos que han demostrado su categor\u00eda en el plantel de honor.<\/p>\n<p>As\u00ed, con un nivel que dio que hablar en las canchas del pa\u00eds,\u00a0nuestras cuatro series competitivas nos alzaron como el Club que sum\u00f3 m\u00e1s puntos\u00a0y se consagr\u00f3 como el l\u00edder en la tabla general acumulada.<\/p>\n<p><img loading=\"lazy\" decoding=\"async\" class=\"aligncenter size-full wp-image-13375\" src=\"http:\/\/www.rincondelbulla.cl\/portal\/wp-content\/uploads\/2017\/12\/Resultados-Formativos.jpg\" alt=\"\" width=\"960\" height=\"960\" srcset=\"http:\/\/www.rincondelbulla.cl\/portal\/wp-content\/uploads\/2017\/12\/Resultados-Formativos.jpg 960w, http:\/\/www.rincondelbulla.cl\/portal\/wp-content\/uploads\/2017\/12\/Resultados-Formativos-150x150.jpg 150w, http:\/\/www.rincondelbulla.cl\/portal\/wp-content\/uploads\/2017\/12\/Resultados-Formativos-300x300.jpg 300w, http:\/\/www.rincondelbulla.cl\/portal\/wp-content\/uploads\/2017\/12\/Resultados-Formativos-768x768.jpg 768w, http:\/\/www.rincondelbulla.cl\/portal\/wp-content\/uploads\/2017\/12\/Resultados-Formativos-696x696.jpg 696w, http:\/\/www.rincondelbulla.cl\/portal\/wp-content\/uploads\/2017\/12\/Resultados-Formativos-420x420.jpg 420w\" sizes=\"auto, (max-width: 960px) 100vw, 960px\" \/><\/p>\n","protected":false},"excerpt":{"rendered":"<p>Con la reciente\u00a0obtenci\u00f3n del t\u00edtulo de nuestra Sub 16, se cerr\u00f3 un\u00a0destacado a\u00f1o \u00a0para el F\u00fatbol Joven azul, especialmente en este \u00faltimo semestre, \u00a0donde tres de las cuatro categor\u00edas del \u201dLe\u00f3n\u201d avanzaron a playoffs, incluso, dos lo hicieron como l\u00edderes en la fase regular. Los festejos, claramente, se centraron en los flamantes campeones de la [&#8230;]<\/p>\n","protected":false},"author":21398,"featured_media":12994,"comment_status":"closed","ping_status":"open","sticky":false,"template":"","format":"standard","meta":{"footnotes":""},"categories":[18],"tags":[454,1116,409,1119,1177,156],"class_list":{"0":"post-13374","1":"post","2":"type-post","3":"status-publish","4":"format-standard","5":"has-post-thumbnail","7":"category-actualidad","8":"tag-actualidad","9":"tag-cuadro-magico","10":"tag-futbol-formativo","11":"tag-futbol-infantil","12":"tag-futbol-joven","13":"tag-universidad-de-chile"},"_links":{"self":[{"href":"http:\/\/www.rincondelbulla.cl\/portal\/wp-json\/wp\/v2\/posts\/13374","targetHints":{"allow":["GET"]}}],"collection":[{"href":"http:\/\/www.rincondelbulla.cl\/portal\/wp-json\/wp\/v2\/posts"}],"about":[{"href":"http:\/\/www.rincondelbulla.cl\/portal\/wp-json\/wp\/v2\/types\/post"}],"author":[{"embeddable":true,"href":"http:\/\/www.rincondelbulla.cl\/portal\/wp-json\/wp\/v2\/users\/21398"}],"replies":[{"embeddable":true,"href":"http:\/\/www.rincondelbulla.cl\/portal\/wp-json\/wp\/v2\/comments?post=13374"}],"version-history":[{"count":1,"href":"http:\/\/www.rincondelbulla.cl\/portal\/wp-json\/wp\/v2\/posts\/13374\/revisions"}],"predecessor-version":[{"id":13376,"href":"http:\/\/www.rincondelbulla.cl\/portal\/wp-json\/wp\/v2\/posts\/13374\/revisions\/13376"}],"wp:featuredmedia":[{"embeddable":true,"href":"http:\/\/www.rincondelbulla.cl\/portal\/wp-json\/wp\/v2\/media\/12994"}],"wp:attachment":[{"href":"http:\/\/www.rincondelbulla.cl\/portal\/wp-json\/wp\/v2\/media?parent=13374"}],"wp:term":[{"taxonomy":"category","embeddable":true,"href":"http:\/\/www.rincondelbulla.cl\/portal\/wp-json\/wp\/v2\/categories?post=13374"},{"taxonomy":"post_tag","embeddable":true,"href":"http:\/\/www.rincondelbulla.cl\/portal\/wp-json\/wp\/v2\/tags?post=13374"}],"curies":[{"name":"wp","href":"https:\/\/api.w.org\/{rel}","templated":true}]}}