{"id":13491,"date":"2018-01-05T12:54:03","date_gmt":"2018-01-05T15:54:03","guid":{"rendered":"http:\/\/www.rincondelbulla.cl\/portal\/?p=13491"},"modified":"2018-01-05T12:54:03","modified_gmt":"2018-01-05T15:54:03","slug":"herrera-espero-que-lleguen-jugadores-de-calidad","status":"publish","type":"post","link":"http:\/\/www.rincondelbulla.cl\/portal\/2018\/01\/05\/herrera-espero-que-lleguen-jugadores-de-calidad\/","title":{"rendered":"Herrera: \u00abEspero que lleguen jugadores de calidad\u00bb"},"content":{"rendered":"<p><img loading=\"lazy\" decoding=\"async\" class=\"alignleft size-full wp-image-13492\" src=\"http:\/\/www.rincondelbulla.cl\/portal\/wp-content\/uploads\/2018\/01\/Herrera-CDA-Enero-2017.jpg\" alt=\"\" width=\"900\" height=\"600\" srcset=\"http:\/\/www.rincondelbulla.cl\/portal\/wp-content\/uploads\/2018\/01\/Herrera-CDA-Enero-2017.jpg 900w, http:\/\/www.rincondelbulla.cl\/portal\/wp-content\/uploads\/2018\/01\/Herrera-CDA-Enero-2017-300x200.jpg 300w, http:\/\/www.rincondelbulla.cl\/portal\/wp-content\/uploads\/2018\/01\/Herrera-CDA-Enero-2017-768x512.jpg 768w, http:\/\/www.rincondelbulla.cl\/portal\/wp-content\/uploads\/2018\/01\/Herrera-CDA-Enero-2017-696x464.jpg 696w, http:\/\/www.rincondelbulla.cl\/portal\/wp-content\/uploads\/2018\/01\/Herrera-CDA-Enero-2017-630x420.jpg 630w\" sizes=\"auto, (max-width: 900px) 100vw, 900px\" \/><\/p>\n<p><strong>Johnny Herrera, afirm\u00f3 este viernes que el cuadro azul no va s\u00f3lo a \u201cparticipar\u201d, sino a \u201cpelear\u201d la Copa Libertadores 2018.<\/strong><\/p>\n<p>Consultado por la disputa del m\u00e1ximo certamen continental, donde los equipos chilenos han quedado absolutamente al debe en los \u00faltimos a\u00f1os, declar\u00f3 que \u00abestando en este club uno siempre debe apuntar a lo m\u00e1ximo. Somos el equipo m\u00e1s grande de este pa\u00eds y tenemos la obligaci\u00f3n de estar acorde a nuestras exigencias que es pelear el campeonato nacional, la Copa Chile y la Copa Libertadores\u00bb.<\/p>\n<p>\u00abNo vamos a participar, vamos a pelear la Copa (Libertadores), como siempre ha sido la consigna de este club. Esperamos ser protagonistas a nivel internacional (\u2026) Nos tocaron grandes equipos (Racing, Cruzeiro y Vasco da Gama o Universidad de Concepci\u00f3n), pero estoy feliz de afrontar este tipo de desaf\u00edos para estar a la altura de lo que se nos viene. Si es que vamos a pelear algo tenemos que pasar por rivales de esa categor\u00eda. Tenemos confianza para estar a la altura de tama\u00f1a competencia\u00bb, agreg\u00f3.<\/p>\n<p>En la misma l\u00ednea, expres\u00f3 que \u00abChile nunca gan\u00f3 nada por cien a\u00f1os y lleg\u00f3 un equipo con personalidad a ganar dos copas am\u00e9rica y lleg\u00f3 a la final de la Copa Confederaciones. Esto es un tema netamente de personalidad y se juega once contra once. Si no llegan refuerzos, nos arreglaremos con lo que hay\u00bb.<\/p>\n<p>Respecto a la demora en los refuerzos para afrontar un exigente a\u00f1o dijo \u00abespero que lleguen jugadores de calidad, pero creo que tenemos tremendo plantel&#8230; Llevamos s\u00f3lo tres d\u00edas entrenando, pero tenemos un periodo amplio para poder contratar y ojal\u00e1 no equivocarnos. No estamos en ventaja ni en desventaja respecto de los otros equipos. Viene un torneo dif\u00edcil, Colo Colo ha sido protagonista, la UC debe volver y apuntamos a ganar todo por estar en Universidad de Chile\u00bb.<\/p>\n<p>En cuanto a la oferta que lleg\u00f3 desde Independiente por Jean Beausejour, Herrera se\u00f1al\u00f3 que \u00abtodos sabemos lo que juega, s\u00e9 lo que aporta realmente. La mirada m\u00eda no es la misma que tiene el hincha o los periodistas. S\u00e9 lo que aporta en partidos claves. Si se va, perder\u00edamos un tremendo aporte. Si se queda, feliz. Est\u00e1 identificado con nuestro club y es un aporte muy importante para nosotros\u00bb.<\/p>\n","protected":false},"excerpt":{"rendered":"<p>Johnny Herrera, afirm\u00f3 este viernes que el cuadro azul no va s\u00f3lo a \u201cparticipar\u201d, sino a \u201cpelear\u201d la Copa Libertadores 2018. Consultado por la disputa del m\u00e1ximo certamen continental, donde los equipos chilenos han quedado absolutamente al debe en los \u00faltimos a\u00f1os, declar\u00f3 que \u00abestando en este club uno siempre debe apuntar a lo m\u00e1ximo. [&#8230;]<\/p>\n","protected":false},"author":21395,"featured_media":13492,"comment_status":"closed","ping_status":"open","sticky":false,"template":"","format":"standard","meta":{"footnotes":""},"categories":[18],"tags":[454,1116,41,404,156],"class_list":{"0":"post-13491","1":"post","2":"type-post","3":"status-publish","4":"format-standard","5":"has-post-thumbnail","7":"category-actualidad","8":"tag-actualidad","9":"tag-cuadro-magico","10":"tag-johnny-herrera","11":"tag-pretemporada","12":"tag-universidad-de-chile"},"_links":{"self":[{"href":"http:\/\/www.rincondelbulla.cl\/portal\/wp-json\/wp\/v2\/posts\/13491","targetHints":{"allow":["GET"]}}],"collection":[{"href":"http:\/\/www.rincondelbulla.cl\/portal\/wp-json\/wp\/v2\/posts"}],"about":[{"href":"http:\/\/www.rincondelbulla.cl\/portal\/wp-json\/wp\/v2\/types\/post"}],"author":[{"embeddable":true,"href":"http:\/\/www.rincondelbulla.cl\/portal\/wp-json\/wp\/v2\/users\/21395"}],"replies":[{"embeddable":true,"href":"http:\/\/www.rincondelbulla.cl\/portal\/wp-json\/wp\/v2\/comments?post=13491"}],"version-history":[{"count":1,"href":"http:\/\/www.rincondelbulla.cl\/portal\/wp-json\/wp\/v2\/posts\/13491\/revisions"}],"predecessor-version":[{"id":13493,"href":"http:\/\/www.rincondelbulla.cl\/portal\/wp-json\/wp\/v2\/posts\/13491\/revisions\/13493"}],"wp:featuredmedia":[{"embeddable":true,"href":"http:\/\/www.rincondelbulla.cl\/portal\/wp-json\/wp\/v2\/media\/13492"}],"wp:attachment":[{"href":"http:\/\/www.rincondelbulla.cl\/portal\/wp-json\/wp\/v2\/media?parent=13491"}],"wp:term":[{"taxonomy":"category","embeddable":true,"href":"http:\/\/www.rincondelbulla.cl\/portal\/wp-json\/wp\/v2\/categories?post=13491"},{"taxonomy":"post_tag","embeddable":true,"href":"http:\/\/www.rincondelbulla.cl\/portal\/wp-json\/wp\/v2\/tags?post=13491"}],"curies":[{"name":"wp","href":"https:\/\/api.w.org\/{rel}","templated":true}]}}