{"id":13496,"date":"2018-01-06T15:51:43","date_gmt":"2018-01-06T18:51:43","guid":{"rendered":"http:\/\/www.rincondelbulla.cl\/portal\/?p=13496"},"modified":"2018-01-06T16:27:52","modified_gmt":"2018-01-06T19:27:52","slug":"musrri-mi-relacion-con-ronald-fuentes-es-la-misma-de-antes-ninguna","status":"publish","type":"post","link":"http:\/\/www.rincondelbulla.cl\/portal\/2018\/01\/06\/musrri-mi-relacion-con-ronald-fuentes-es-la-misma-de-antes-ninguna\/","title":{"rendered":"Musrri:  \u201cMi relaci\u00f3n con Ronald fuentes es la misma de antes, ninguna\u00bb"},"content":{"rendered":"<p><img loading=\"lazy\" decoding=\"async\" class=\"aligncenter size-full wp-image-7262\" src=\"http:\/\/www.rincondelbulla.cl\/portal\/wp-content\/uploads\/2015\/05\/10382984_875124642520893_1966818600497394989_n.jpg\" alt=\"\" width=\"720\" height=\"479\" srcset=\"http:\/\/www.rincondelbulla.cl\/portal\/wp-content\/uploads\/2015\/05\/10382984_875124642520893_1966818600497394989_n.jpg 720w, http:\/\/www.rincondelbulla.cl\/portal\/wp-content\/uploads\/2015\/05\/10382984_875124642520893_1966818600497394989_n-300x200.jpg 300w, http:\/\/www.rincondelbulla.cl\/portal\/wp-content\/uploads\/2015\/05\/10382984_875124642520893_1966818600497394989_n-696x463.jpg 696w, http:\/\/www.rincondelbulla.cl\/portal\/wp-content\/uploads\/2015\/05\/10382984_875124642520893_1966818600497394989_n-631x420.jpg 631w\" sizes=\"auto, (max-width: 720px) 100vw, 720px\" \/><\/p>\n<p><strong>Luis Musrri se convirti\u00f3 en el nuevo director t\u00e9cnico de San Marcos de Arica, pero antes de asumir se refiri\u00f3 a su salida del cuadro m\u00e1gico.<\/strong><\/p>\n<p>Recordemos que tras su desastrosa actuaci\u00f3n en la dupla t\u00e9cnica con Victor Hugo Casta\u00f1eda, la U a Musrri le dio la oportunidad de capacitarse y se el director t\u00e9cnico de la Sub19 azul, la cual tampoco obtuvo buenos resultados.<\/p>\n<p>\u00abFue positivo mi trabajo con los juveniles, aunque dirigiendo estuve s\u00f3lo cuatro meses. Se hizo un bonito trabajo, algunos crecieron mucho bajo mi mandato.\u00a0Me fui s\u00faper agradecido, sobre todo de la gente que trabaja en el formativo\u00bb, coment\u00f3 Musrri a La Cuarta.<\/p>\n<p>Pero igual la salida del eterno capit\u00e1n fue sorpresiva, despu\u00e9s de todo el apoyo que recibi\u00f3 de parte de Azul Azul:\u00a0\u00abTampoco es grave, pero hoy no tiene una importancia mayor. Hay que pensar m\u00e1s en el bienestar de la U, que es lo que a los hinchas nos interesa, y que me vaya bien. Para eso debo desligarme de cualquier pol\u00e9mica\u00bb.<\/p>\n<p>Ya se conoce la complicada relaci\u00f3n que tiene Guillermo Hoyos con Ronald Fuentes, pero al parecer el hist\u00f3rico azul tambi\u00e9n tuvo problemas con \u00abchilenita\u00bb: \u00abTengo la misma relaci\u00f3n que antes\u2026 que no era ninguna. Ahora tampoco. Amigos no somos. Es m\u00e1s, con \u00e9l ni siquiera convers\u00e9. No s\u00e9 si mi salida pas\u00f3 por \u00e9l, no tengo idea\u00bb.<\/p>\n<p>Ahora Luis Musrri vuelve al profesionalismo para dirigir a San Marcos de Arica, equipo que estaba peleando para volver a la primera divisi\u00f3n.\u00a0El excapit\u00e1n hist\u00f3rico de la U dirigi\u00f3 por \u00faltima vez f\u00fatbol profesional en septiembre de 2016, cuando estuvo al mando de\u00a0Deportes La Serena. Antes estuvo\u00a0Melipilla, Palestino, Cobresal, Coquimbo Unido y San Antonio Unido, donde registra un 47,6% de rendimiento en 379 partidos dirigidos.<\/p>\n","protected":false},"excerpt":{"rendered":"<p>Luis Musrri se convirti\u00f3 en el nuevo director t\u00e9cnico de San Marcos de Arica, pero antes de asumir se refiri\u00f3 a su salida del cuadro m\u00e1gico. Recordemos que tras su desastrosa actuaci\u00f3n en la dupla t\u00e9cnica con Victor Hugo Casta\u00f1eda, la U a Musrri le dio la oportunidad de capacitarse y se el director t\u00e9cnico [&#8230;]<\/p>\n","protected":false},"author":21398,"featured_media":13498,"comment_status":"closed","ping_status":"open","sticky":false,"template":"","format":"standard","meta":{"footnotes":""},"categories":[18],"tags":[454,174,1116,400,480,156],"class_list":{"0":"post-13496","1":"post","2":"type-post","3":"status-publish","4":"format-standard","5":"has-post-thumbnail","7":"category-actualidad","8":"tag-actualidad","9":"tag-azul-azul","10":"tag-cuadro-magico","11":"tag-luis-musrri","12":"tag-ronald-fuentes","13":"tag-universidad-de-chile"},"_links":{"self":[{"href":"http:\/\/www.rincondelbulla.cl\/portal\/wp-json\/wp\/v2\/posts\/13496","targetHints":{"allow":["GET"]}}],"collection":[{"href":"http:\/\/www.rincondelbulla.cl\/portal\/wp-json\/wp\/v2\/posts"}],"about":[{"href":"http:\/\/www.rincondelbulla.cl\/portal\/wp-json\/wp\/v2\/types\/post"}],"author":[{"embeddable":true,"href":"http:\/\/www.rincondelbulla.cl\/portal\/wp-json\/wp\/v2\/users\/21398"}],"replies":[{"embeddable":true,"href":"http:\/\/www.rincondelbulla.cl\/portal\/wp-json\/wp\/v2\/comments?post=13496"}],"version-history":[{"count":1,"href":"http:\/\/www.rincondelbulla.cl\/portal\/wp-json\/wp\/v2\/posts\/13496\/revisions"}],"predecessor-version":[{"id":13497,"href":"http:\/\/www.rincondelbulla.cl\/portal\/wp-json\/wp\/v2\/posts\/13496\/revisions\/13497"}],"wp:featuredmedia":[{"embeddable":true,"href":"http:\/\/www.rincondelbulla.cl\/portal\/wp-json\/wp\/v2\/media\/13498"}],"wp:attachment":[{"href":"http:\/\/www.rincondelbulla.cl\/portal\/wp-json\/wp\/v2\/media?parent=13496"}],"wp:term":[{"taxonomy":"category","embeddable":true,"href":"http:\/\/www.rincondelbulla.cl\/portal\/wp-json\/wp\/v2\/categories?post=13496"},{"taxonomy":"post_tag","embeddable":true,"href":"http:\/\/www.rincondelbulla.cl\/portal\/wp-json\/wp\/v2\/tags?post=13496"}],"curies":[{"name":"wp","href":"https:\/\/api.w.org\/{rel}","templated":true}]}}