{"id":13508,"date":"2018-01-09T14:31:02","date_gmt":"2018-01-09T17:31:02","guid":{"rendered":"http:\/\/www.rincondelbulla.cl\/portal\/?p=13508"},"modified":"2018-01-09T21:39:04","modified_gmt":"2018-01-10T00:39:04","slug":"fuentes-sigue-en-busqueda-de-mas-refuerzos","status":"publish","type":"post","link":"http:\/\/www.rincondelbulla.cl\/portal\/2018\/01\/09\/fuentes-sigue-en-busqueda-de-mas-refuerzos\/","title":{"rendered":"Fuentes sigue en b\u00fasqueda de m\u00e1s refuerzos"},"content":{"rendered":"<figure id=\"attachment_13347\" aria-describedby=\"caption-attachment-13347\" style=\"width: 1040px\" class=\"wp-caption aligncenter\"><img loading=\"lazy\" decoding=\"async\" class=\"size-full wp-image-13347\" src=\"http:\/\/www.rincondelbulla.cl\/portal\/wp-content\/uploads\/2017\/12\/Ronald-Fuentes-CDA.jpg\" alt=\"\" width=\"1040\" height=\"585\" srcset=\"http:\/\/www.rincondelbulla.cl\/portal\/wp-content\/uploads\/2017\/12\/Ronald-Fuentes-CDA.jpg 1040w, http:\/\/www.rincondelbulla.cl\/portal\/wp-content\/uploads\/2017\/12\/Ronald-Fuentes-CDA-300x169.jpg 300w, http:\/\/www.rincondelbulla.cl\/portal\/wp-content\/uploads\/2017\/12\/Ronald-Fuentes-CDA-768x432.jpg 768w, http:\/\/www.rincondelbulla.cl\/portal\/wp-content\/uploads\/2017\/12\/Ronald-Fuentes-CDA-696x392.jpg 696w, http:\/\/www.rincondelbulla.cl\/portal\/wp-content\/uploads\/2017\/12\/Ronald-Fuentes-CDA-747x420.jpg 747w\" sizes=\"auto, (max-width: 1040px) 100vw, 1040px\" \/><figcaption id=\"caption-attachment-13347\" class=\"wp-caption-text\">Fotograf\u00eda: Leonardo Mora<\/figcaption><\/figure>\n<p style=\"text-align: left;\"><strong>Ronald Fuentes, reconoci\u00f3 este martes que Azul Azul negocia con Huachipato para cerrar lo antes posible el paso al elenco colegial del habilidoso mediocampista venezolano Yeferson Soteldo.<\/strong><\/p>\n<p>Consultado por si Soteldo llegar\u00e1 finalmente al CDA, Fuentes declar\u00f3 brevemente que \u00abtodav\u00eda no tenemos definida su llegada, ya que se sigue negociando con Huachipato que es el due\u00f1o de la carta del jugador. Estamos en negociaciones para que venga a potenciar la parte ofensiva, por la salida de Sebasti\u00e1n Ubilla\u00bb.<\/p>\n<p>Adem\u00e1s, se\u00f1al\u00f3 que la intenci\u00f3n de Azul Azul es fichar a otro centrocampista para cerrar el tema refuerzos con cuatro incorporaciones.<\/p>\n<p>\u00abTambi\u00e9n buscamos a un volante que nos pidi\u00f3 Guillermo (Hoyos). Con eso tendr\u00edamos un plantel s\u00faper competitivo no solo para la Copa Libertadores, que se le da mucha importancia, pero tambi\u00e9n hay un torneo nacional y una Copa Chile y tenemos que ser protagonistas en todos los torneos que participemos\u00bb, asever\u00f3.<\/p>\n<p>Ese centrocampista podr\u00eda ser C\u00e9sar Pinares, quien dejar\u00eda el Sharjah FC de Emiratos Arabes Unidos al no estar considerado por el entrenador. Recordar que el ex Uni\u00f3n Espa\u00f1ola estuvo en carpeta de Azul Azul a mediados del 2017, pero la oferta del balompi\u00e9 \u00e1rabe pudo m\u00e1s.<\/p>\n<p>\u00abEs un nombre que estamos siguiendo. Lo intentamos traer a mitad de a\u00f1o, pero la oferta que ten\u00eda en ese momento era impagable para nosotros. Ahora parece que no ser\u00e1 tomado en cuenta en su club y es una opci\u00f3n, pero no es la \u00fanica\u00bb, apunt\u00f3 sobre el ex 7 de Uni\u00f3n Espa\u00f1ola.<\/p>\n","protected":false},"excerpt":{"rendered":"<p>Ronald Fuentes, reconoci\u00f3 este martes que Azul Azul negocia con Huachipato para cerrar lo antes posible el paso al elenco colegial del habilidoso mediocampista venezolano Yeferson Soteldo. Consultado por si Soteldo llegar\u00e1 finalmente al CDA, Fuentes declar\u00f3 brevemente que \u00abtodav\u00eda no tenemos definida su llegada, ya que se sigue negociando con Huachipato que es el [&#8230;]<\/p>\n","protected":false},"author":21395,"featured_media":13347,"comment_status":"closed","ping_status":"open","sticky":false,"template":"","format":"standard","meta":{"footnotes":""},"categories":[18],"tags":[454,1116,235,480,156],"class_list":{"0":"post-13508","1":"post","2":"type-post","3":"status-publish","4":"format-standard","5":"has-post-thumbnail","7":"category-actualidad","8":"tag-actualidad","9":"tag-cuadro-magico","10":"tag-refuerzos","11":"tag-ronald-fuentes","12":"tag-universidad-de-chile"},"_links":{"self":[{"href":"http:\/\/www.rincondelbulla.cl\/portal\/wp-json\/wp\/v2\/posts\/13508","targetHints":{"allow":["GET"]}}],"collection":[{"href":"http:\/\/www.rincondelbulla.cl\/portal\/wp-json\/wp\/v2\/posts"}],"about":[{"href":"http:\/\/www.rincondelbulla.cl\/portal\/wp-json\/wp\/v2\/types\/post"}],"author":[{"embeddable":true,"href":"http:\/\/www.rincondelbulla.cl\/portal\/wp-json\/wp\/v2\/users\/21395"}],"replies":[{"embeddable":true,"href":"http:\/\/www.rincondelbulla.cl\/portal\/wp-json\/wp\/v2\/comments?post=13508"}],"version-history":[{"count":4,"href":"http:\/\/www.rincondelbulla.cl\/portal\/wp-json\/wp\/v2\/posts\/13508\/revisions"}],"predecessor-version":[{"id":13521,"href":"http:\/\/www.rincondelbulla.cl\/portal\/wp-json\/wp\/v2\/posts\/13508\/revisions\/13521"}],"wp:featuredmedia":[{"embeddable":true,"href":"http:\/\/www.rincondelbulla.cl\/portal\/wp-json\/wp\/v2\/media\/13347"}],"wp:attachment":[{"href":"http:\/\/www.rincondelbulla.cl\/portal\/wp-json\/wp\/v2\/media?parent=13508"}],"wp:term":[{"taxonomy":"category","embeddable":true,"href":"http:\/\/www.rincondelbulla.cl\/portal\/wp-json\/wp\/v2\/categories?post=13508"},{"taxonomy":"post_tag","embeddable":true,"href":"http:\/\/www.rincondelbulla.cl\/portal\/wp-json\/wp\/v2\/tags?post=13508"}],"curies":[{"name":"wp","href":"https:\/\/api.w.org\/{rel}","templated":true}]}}