{"id":13529,"date":"2018-01-10T15:41:12","date_gmt":"2018-01-10T18:41:12","guid":{"rendered":"http:\/\/www.rincondelbulla.cl\/portal\/?p=13529"},"modified":"2018-01-10T16:21:08","modified_gmt":"2018-01-10T19:21:08","slug":"soteldo-se-que-tomaron-la-mejor-decision","status":"publish","type":"post","link":"http:\/\/www.rincondelbulla.cl\/portal\/2018\/01\/10\/soteldo-se-que-tomaron-la-mejor-decision\/","title":{"rendered":"Soteldo: \u00abS\u00e9 que tomaron la mejor decisi\u00f3n\u00bb"},"content":{"rendered":"<figure id=\"attachment_13530\" aria-describedby=\"caption-attachment-13530\" style=\"width: 1205px\" class=\"wp-caption alignleft\"><img loading=\"lazy\" decoding=\"async\" class=\"wp-image-13530 size-full\" src=\"http:\/\/www.rincondelbulla.cl\/portal\/wp-content\/uploads\/2018\/01\/Yeferson-Soteldo-en-Santiago.jpg\" alt=\"\" width=\"1205\" height=\"700\" srcset=\"http:\/\/www.rincondelbulla.cl\/portal\/wp-content\/uploads\/2018\/01\/Yeferson-Soteldo-en-Santiago.jpg 1205w, http:\/\/www.rincondelbulla.cl\/portal\/wp-content\/uploads\/2018\/01\/Yeferson-Soteldo-en-Santiago-300x174.jpg 300w, http:\/\/www.rincondelbulla.cl\/portal\/wp-content\/uploads\/2018\/01\/Yeferson-Soteldo-en-Santiago-768x446.jpg 768w, http:\/\/www.rincondelbulla.cl\/portal\/wp-content\/uploads\/2018\/01\/Yeferson-Soteldo-en-Santiago-1200x697.jpg 1200w, http:\/\/www.rincondelbulla.cl\/portal\/wp-content\/uploads\/2018\/01\/Yeferson-Soteldo-en-Santiago-696x404.jpg 696w, http:\/\/www.rincondelbulla.cl\/portal\/wp-content\/uploads\/2018\/01\/Yeferson-Soteldo-en-Santiago-1068x620.jpg 1068w, http:\/\/www.rincondelbulla.cl\/portal\/wp-content\/uploads\/2018\/01\/Yeferson-Soteldo-en-Santiago-723x420.jpg 723w\" sizes=\"auto, (max-width: 1205px) 100vw, 1205px\" \/><figcaption id=\"caption-attachment-13530\" class=\"wp-caption-text\">Fotograf\u00eda: Romina Mart\u00ednez<\/figcaption><\/figure>\n<p><strong>Yeferson Soteldo no escondi\u00f3 su satisfacci\u00f3n por estar a un paso de convertirse en nuevo refuerzo de Universidad de Chile, cuadro que jugar\u00e1 durante la temporada 2018 la Copa Libertadores.<\/strong><\/p>\n<p>El volante de 20 a\u00f1os arrib\u00f3 en la presente jornada a Santiago para ultimar los detalles de lo que ser\u00e1 su arribo en calidad de pr\u00e9stamo al cuadro azul. De salir todo bien, el oriundo de Estado Portuguesa ser\u00eda presentado este viernes en el CDA.<\/p>\n<audio class=\"wp-audio-shortcode\" id=\"audio-13529-1\" preload=\"none\" style=\"width: 100%;\" controls=\"controls\"><source type=\"audio\/mpeg\" src=\"http:\/\/www.rincondelbulla.cl\/portal\/wp-content\/uploads\/2018\/01\/UCH-Soteldo-Porque-la-U.mp3?_=1\" \/><a href=\"http:\/\/www.rincondelbulla.cl\/portal\/wp-content\/uploads\/2018\/01\/UCH-Soteldo-Porque-la-U.mp3\">http:\/\/www.rincondelbulla.cl\/portal\/wp-content\/uploads\/2018\/01\/UCH-Soteldo-Porque-la-U.mp3<\/a><\/audio>\n<p>\u00abContento por jugar Copa Libertadores, es lindo llegar a un club grande. Mi representante junto al club decidieron y yo le dejo todo a lo que ellos digan, s\u00e9 que tomaron la mejor decisi\u00f3n\u00bb, expres\u00f3 el llanero en el terminal a\u00e9reo de Pudahuel.<\/p>\n<audio class=\"wp-audio-shortcode\" id=\"audio-13529-2\" preload=\"none\" style=\"width: 100%;\" controls=\"controls\"><source type=\"audio\/mpeg\" src=\"http:\/\/www.rincondelbulla.cl\/portal\/wp-content\/uploads\/2018\/01\/UCH-Soteldo-Jugar-Copa-Libertadores.mp3?_=2\" \/><a href=\"http:\/\/www.rincondelbulla.cl\/portal\/wp-content\/uploads\/2018\/01\/UCH-Soteldo-Jugar-Copa-Libertadores.mp3\">http:\/\/www.rincondelbulla.cl\/portal\/wp-content\/uploads\/2018\/01\/UCH-Soteldo-Jugar-Copa-Libertadores.mp3<\/a><\/audio>\n<p>\u00abEstoy esperando que los clubes se pongan de acuerdo para ver qu\u00e9 pasa, yo tranquilo y har\u00e9 lo que me digan\u00bb, agreg\u00f3 el jugador de los registros de Huachipato.<\/p>\n<audio class=\"wp-audio-shortcode\" id=\"audio-13529-3\" preload=\"none\" style=\"width: 100%;\" controls=\"controls\"><source type=\"audio\/mpeg\" src=\"http:\/\/www.rincondelbulla.cl\/portal\/wp-content\/uploads\/2018\/01\/UCH-Soteldo-Esperando-que-los-clubes-se-pongan-de-acuerdo.mp3?_=3\" \/><a href=\"http:\/\/www.rincondelbulla.cl\/portal\/wp-content\/uploads\/2018\/01\/UCH-Soteldo-Esperando-que-los-clubes-se-pongan-de-acuerdo.mp3\">http:\/\/www.rincondelbulla.cl\/portal\/wp-content\/uploads\/2018\/01\/UCH-Soteldo-Esperando-que-los-clubes-se-pongan-de-acuerdo.mp3<\/a><\/audio>\n<p>Adem\u00e1s, el habilidoso jugador admiti\u00f3 que \u00abel torneo chileno me gust\u00f3, me adapto mucho al juego y creo que s\u00ed, me gustar\u00eda quedarme un torneo m\u00e1s o dos, para seguir creciendo como jugador\u00bb.<\/p>\n<p>Consultado, en tanto, por el inter\u00e9s del Necaxa mexicano en sus servicios, Soteldo se limit\u00f3 a decir que \u00abno nos lleg\u00f3 nada de Necaxa, ni a m\u00ed ni a mi representante\u00bb.<\/p>\n","protected":false},"excerpt":{"rendered":"<p>Yeferson Soteldo no escondi\u00f3 su satisfacci\u00f3n por estar a un paso de convertirse en nuevo refuerzo de Universidad de Chile, cuadro que jugar\u00e1 durante la temporada 2018 la Copa Libertadores. El volante de 20 a\u00f1os arrib\u00f3 en la presente jornada a Santiago para ultimar los detalles de lo que ser\u00e1 su arribo en calidad de [&#8230;]<\/p>\n","protected":false},"author":21395,"featured_media":13530,"comment_status":"closed","ping_status":"open","sticky":false,"template":"","format":"standard","meta":{"footnotes":""},"categories":[18],"tags":[454,1116,777,156,1341],"class_list":{"0":"post-13529","1":"post","2":"type-post","3":"status-publish","4":"format-standard","5":"has-post-thumbnail","7":"category-actualidad","8":"tag-actualidad","9":"tag-cuadro-magico","10":"tag-refuerzo","11":"tag-universidad-de-chile","12":"tag-yeferson-soteldo"},"_links":{"self":[{"href":"http:\/\/www.rincondelbulla.cl\/portal\/wp-json\/wp\/v2\/posts\/13529","targetHints":{"allow":["GET"]}}],"collection":[{"href":"http:\/\/www.rincondelbulla.cl\/portal\/wp-json\/wp\/v2\/posts"}],"about":[{"href":"http:\/\/www.rincondelbulla.cl\/portal\/wp-json\/wp\/v2\/types\/post"}],"author":[{"embeddable":true,"href":"http:\/\/www.rincondelbulla.cl\/portal\/wp-json\/wp\/v2\/users\/21395"}],"replies":[{"embeddable":true,"href":"http:\/\/www.rincondelbulla.cl\/portal\/wp-json\/wp\/v2\/comments?post=13529"}],"version-history":[{"count":4,"href":"http:\/\/www.rincondelbulla.cl\/portal\/wp-json\/wp\/v2\/posts\/13529\/revisions"}],"predecessor-version":[{"id":13541,"href":"http:\/\/www.rincondelbulla.cl\/portal\/wp-json\/wp\/v2\/posts\/13529\/revisions\/13541"}],"wp:featuredmedia":[{"embeddable":true,"href":"http:\/\/www.rincondelbulla.cl\/portal\/wp-json\/wp\/v2\/media\/13530"}],"wp:attachment":[{"href":"http:\/\/www.rincondelbulla.cl\/portal\/wp-json\/wp\/v2\/media?parent=13529"}],"wp:term":[{"taxonomy":"category","embeddable":true,"href":"http:\/\/www.rincondelbulla.cl\/portal\/wp-json\/wp\/v2\/categories?post=13529"},{"taxonomy":"post_tag","embeddable":true,"href":"http:\/\/www.rincondelbulla.cl\/portal\/wp-json\/wp\/v2\/tags?post=13529"}],"curies":[{"name":"wp","href":"https:\/\/api.w.org\/{rel}","templated":true}]}}