{"id":13536,"date":"2018-01-10T16:19:05","date_gmt":"2018-01-10T19:19:05","guid":{"rendered":"http:\/\/www.rincondelbulla.cl\/portal\/?p=13536"},"modified":"2018-01-10T16:19:05","modified_gmt":"2018-01-10T19:19:05","slug":"la-sobrepoblada-banda-izquierda-de-hoyos","status":"publish","type":"post","link":"http:\/\/www.rincondelbulla.cl\/portal\/2018\/01\/10\/la-sobrepoblada-banda-izquierda-de-hoyos\/","title":{"rendered":"La \u201csobrepoblada\u201d banda izquierda de Hoyos"},"content":{"rendered":"<p><img loading=\"lazy\" decoding=\"async\" class=\"alignnone size-full wp-image-13485\" src=\"http:\/\/www.rincondelbulla.cl\/portal\/wp-content\/uploads\/2018\/01\/Beausejour-en-entrenamiento.jpg\" alt=\"\" width=\"1112\" height=\"700\" srcset=\"http:\/\/www.rincondelbulla.cl\/portal\/wp-content\/uploads\/2018\/01\/Beausejour-en-entrenamiento.jpg 1112w, http:\/\/www.rincondelbulla.cl\/portal\/wp-content\/uploads\/2018\/01\/Beausejour-en-entrenamiento-300x189.jpg 300w, http:\/\/www.rincondelbulla.cl\/portal\/wp-content\/uploads\/2018\/01\/Beausejour-en-entrenamiento-768x483.jpg 768w, http:\/\/www.rincondelbulla.cl\/portal\/wp-content\/uploads\/2018\/01\/Beausejour-en-entrenamiento-696x438.jpg 696w, http:\/\/www.rincondelbulla.cl\/portal\/wp-content\/uploads\/2018\/01\/Beausejour-en-entrenamiento-1068x672.jpg 1068w, http:\/\/www.rincondelbulla.cl\/portal\/wp-content\/uploads\/2018\/01\/Beausejour-en-entrenamiento-667x420.jpg 667w\" sizes=\"auto, (max-width: 1112px) 100vw, 1112px\" \/><\/p>\n<p><strong>Luego de que Jean Beausejour aparentemente se quedar\u00e1 en Universidad de Chile, el t\u00e9cnico azul suma nombres para ocupar ese sector de la cancha. A veces muchos nombres complican m\u00e1s la planificaci\u00f3n.<\/strong><!--more--><\/p>\n<p>El excesivo inter\u00e9s de que se pagara al contado la cl\u00e1usula de salida habr\u00eda hecho que Independiente de Avellaneda desistiera de llevarse al seleccionado chileno a tierras argentinas, pese a su reconocido inter\u00e9s por el jugador.<\/p>\n<p>Con esto, Beausejour seguir\u00eda en el CDA, bajo el mando de Guillermo Hoyos, quien por estos d\u00edas trabaja en la planificaci\u00f3n del 2018 y lleva adelante a la pretemporada en La Serena.<\/p>\n<p>Considerando a \u201cBose\u201d como alternativa, al menos son cuatro los nombres que la \u201cU\u201d tendr\u00eda para ocupar como lateral izquierdo, lo que podr\u00eda ser una complicaci\u00f3n para Hoyos a la hora de establecer el equipo titular.<\/p>\n<p>Jonathan Zacar\u00eda, Fabi\u00e1n Monz\u00f3n y el reci\u00e9n llegado Felipe Saavedra son los nombres que deber\u00e1n pelear, si se da la l\u00f3gica, el puesto vacante en esa zona y as\u00ed acompa\u00f1ar a Beausejour.<\/p>\n<p>De los tres es Zacar\u00eda el que en el papel corre con ventajas. Su poder ofensivo y posibilidad de enroque con Beausejour har\u00edan que el t\u00e9cnico se decidiera por esta dupla como al principal en su esquema.<\/p>\n<p>M\u00e1s atr\u00e1s aparecer\u00eda Fabi\u00e1n Monz\u00f3n. El ex Boca Juniors ha demostrado buenas actuaciones en los \u00faltimos partidos que ha disputado con la \u201cU\u201d, pero es m\u00e1s de corte defensivo, pese a que posee llegada al arco controrio.<\/p>\n<p>El que es una inc\u00f3gnita ser\u00eda Felipe Saavedra. Con un acuerdo sellado a mitad de 2017, el joven jugador se qued\u00f3 un semestre m\u00e1s en San Luis de Quillota, donde demostr\u00f3 buenas actuaciones que lo hacen ilusionarse con un puesto. Sin embargo su corta edad y poca experiencia ante los otros tres jugadores en su puesto, podr\u00edan hacer que Saavedra sea el relegado en esta interesante lucha.<\/p>\n<p>Esperemos que esta \u201csobrepoblaci\u00f3n\u201d de laterales izquierdos se convierta en un beneficio para el plantel de cara a los desaf\u00edos de este a\u00f1o y no en una complicaci\u00f3n para Guillermo Hoyos.<\/p>\n","protected":false},"excerpt":{"rendered":"<p>Luego de que Jean Beausejour aparentemente se quedar\u00e1 en Universidad de Chile, el t\u00e9cnico azul suma nombres para ocupar ese sector de la cancha. A veces muchos nombres complican m\u00e1s la planificaci\u00f3n.<\/p>\n","protected":false},"author":21382,"featured_media":13485,"comment_status":"closed","ping_status":"open","sticky":false,"template":"","format":"standard","meta":{"footnotes":""},"categories":[18],"tags":[454,555,1328,1006,821,987,157,294,156],"class_list":{"0":"post-13536","1":"post","2":"type-post","3":"status-publish","4":"format-standard","5":"has-post-thumbnail","7":"category-actualidad","8":"tag-actualidad","9":"tag-fabian-monzon","10":"tag-felipe-saavedra","11":"tag-guillermo-hoyos","12":"tag-jean-beausejour","13":"tag-jonathan-zacaria","14":"tag-portada","15":"tag-u-de-chile","16":"tag-universidad-de-chile"},"_links":{"self":[{"href":"http:\/\/www.rincondelbulla.cl\/portal\/wp-json\/wp\/v2\/posts\/13536","targetHints":{"allow":["GET"]}}],"collection":[{"href":"http:\/\/www.rincondelbulla.cl\/portal\/wp-json\/wp\/v2\/posts"}],"about":[{"href":"http:\/\/www.rincondelbulla.cl\/portal\/wp-json\/wp\/v2\/types\/post"}],"author":[{"embeddable":true,"href":"http:\/\/www.rincondelbulla.cl\/portal\/wp-json\/wp\/v2\/users\/21382"}],"replies":[{"embeddable":true,"href":"http:\/\/www.rincondelbulla.cl\/portal\/wp-json\/wp\/v2\/comments?post=13536"}],"version-history":[{"count":1,"href":"http:\/\/www.rincondelbulla.cl\/portal\/wp-json\/wp\/v2\/posts\/13536\/revisions"}],"predecessor-version":[{"id":13537,"href":"http:\/\/www.rincondelbulla.cl\/portal\/wp-json\/wp\/v2\/posts\/13536\/revisions\/13537"}],"wp:featuredmedia":[{"embeddable":true,"href":"http:\/\/www.rincondelbulla.cl\/portal\/wp-json\/wp\/v2\/media\/13485"}],"wp:attachment":[{"href":"http:\/\/www.rincondelbulla.cl\/portal\/wp-json\/wp\/v2\/media?parent=13536"}],"wp:term":[{"taxonomy":"category","embeddable":true,"href":"http:\/\/www.rincondelbulla.cl\/portal\/wp-json\/wp\/v2\/categories?post=13536"},{"taxonomy":"post_tag","embeddable":true,"href":"http:\/\/www.rincondelbulla.cl\/portal\/wp-json\/wp\/v2\/tags?post=13536"}],"curies":[{"name":"wp","href":"https:\/\/api.w.org\/{rel}","templated":true}]}}