{"id":13583,"date":"2018-01-15T13:29:11","date_gmt":"2018-01-15T16:29:11","guid":{"rendered":"http:\/\/www.rincondelbulla.cl\/portal\/?p=13583"},"modified":"2018-01-15T13:29:11","modified_gmt":"2018-01-15T16:29:11","slug":"falta-un-refuerzo","status":"publish","type":"post","link":"http:\/\/www.rincondelbulla.cl\/portal\/2018\/01\/15\/falta-un-refuerzo\/","title":{"rendered":"Falta un refuerzo"},"content":{"rendered":"<figure id=\"attachment_11975\" aria-describedby=\"caption-attachment-11975\" style=\"width: 1920px\" class=\"wp-caption aligncenter\"><img loading=\"lazy\" decoding=\"async\" class=\"size-full wp-image-11975\" src=\"http:\/\/www.rincondelbulla.cl\/portal\/wp-content\/uploads\/2017\/08\/Pablo-Silva.jpg\" alt=\"\" width=\"1920\" height=\"910\" srcset=\"http:\/\/www.rincondelbulla.cl\/portal\/wp-content\/uploads\/2017\/08\/Pablo-Silva.jpg 1920w, http:\/\/www.rincondelbulla.cl\/portal\/wp-content\/uploads\/2017\/08\/Pablo-Silva-300x142.jpg 300w, http:\/\/www.rincondelbulla.cl\/portal\/wp-content\/uploads\/2017\/08\/Pablo-Silva-768x364.jpg 768w, http:\/\/www.rincondelbulla.cl\/portal\/wp-content\/uploads\/2017\/08\/Pablo-Silva-1200x569.jpg 1200w, http:\/\/www.rincondelbulla.cl\/portal\/wp-content\/uploads\/2017\/08\/Pablo-Silva-696x330.jpg 696w, http:\/\/www.rincondelbulla.cl\/portal\/wp-content\/uploads\/2017\/08\/Pablo-Silva-1068x506.jpg 1068w, http:\/\/www.rincondelbulla.cl\/portal\/wp-content\/uploads\/2017\/08\/Pablo-Silva-886x420.jpg 886w\" sizes=\"auto, (max-width: 1920px) 100vw, 1920px\" \/><figcaption id=\"caption-attachment-11975\" class=\"wp-caption-text\">Fotograf\u00eda: CDF<\/figcaption><\/figure>\n<p><strong>En la U est\u00e1n contentos por los refuerzos que han llegado, pero saben que falta uno que debe sumarse al equipo de Guillermo Hoyos.<\/strong><\/p>\n<p>Recordemos que el cuadro m\u00e1gico tiene este a\u00f1o en su horizonte Copa Libertadores, Torneo nacional y Copa Chile.<\/p>\n<p>Pablo Silva, director ejecutivo de la U, tambi\u00e9n tuvo palabras para este periodo de contrataciones:\u00a0\u00abestamos contentos con la llegada de Yeferson, pero a seguir trabajando para que todo salga bien de aqu\u00ed al cierre del libro de pases. Estamos esperando un cuarto refuerzo, vamos a hacer todos los esfuerzos para que as\u00ed sea\u00bb, en conversaci\u00f3n con ADN.<\/p>\n<p>Y no perder\u00e1n la fe de poder contratar a Pinares qui\u00e9n es el que est\u00e1 en la mira de Azul Azul:\u00a0\u00abmientras no se cierre el libro de pases, puede pasar cualquier cosa. En teor\u00eda estamos esperando un refuerzo m\u00e1s\u00bb.<\/p>\n<p>De todas maneras el plan B sigue activo, en caso de no llegar Pinares, es Valenzuela el que tambi\u00e9n est\u00e1 en la mira de los azules.<\/p>\n","protected":false},"excerpt":{"rendered":"<p>En la U est\u00e1n contentos por los refuerzos que han llegado, pero saben que falta uno que debe sumarse al equipo de Guillermo Hoyos. Recordemos que el cuadro m\u00e1gico tiene este a\u00f1o en su horizonte Copa Libertadores, Torneo nacional y Copa Chile. Pablo Silva, director ejecutivo de la U, tambi\u00e9n tuvo palabras para este periodo [&#8230;]<\/p>\n","protected":false},"author":21398,"featured_media":12264,"comment_status":"closed","ping_status":"open","sticky":false,"template":"","format":"standard","meta":{"footnotes":""},"categories":[18],"tags":[454,174,1116,1008,235,156],"class_list":{"0":"post-13583","1":"post","2":"type-post","3":"status-publish","4":"format-standard","5":"has-post-thumbnail","7":"category-actualidad","8":"tag-actualidad","9":"tag-azul-azul","10":"tag-cuadro-magico","11":"tag-pablo-silva","12":"tag-refuerzos","13":"tag-universidad-de-chile"},"_links":{"self":[{"href":"http:\/\/www.rincondelbulla.cl\/portal\/wp-json\/wp\/v2\/posts\/13583","targetHints":{"allow":["GET"]}}],"collection":[{"href":"http:\/\/www.rincondelbulla.cl\/portal\/wp-json\/wp\/v2\/posts"}],"about":[{"href":"http:\/\/www.rincondelbulla.cl\/portal\/wp-json\/wp\/v2\/types\/post"}],"author":[{"embeddable":true,"href":"http:\/\/www.rincondelbulla.cl\/portal\/wp-json\/wp\/v2\/users\/21398"}],"replies":[{"embeddable":true,"href":"http:\/\/www.rincondelbulla.cl\/portal\/wp-json\/wp\/v2\/comments?post=13583"}],"version-history":[{"count":1,"href":"http:\/\/www.rincondelbulla.cl\/portal\/wp-json\/wp\/v2\/posts\/13583\/revisions"}],"predecessor-version":[{"id":13584,"href":"http:\/\/www.rincondelbulla.cl\/portal\/wp-json\/wp\/v2\/posts\/13583\/revisions\/13584"}],"wp:featuredmedia":[{"embeddable":true,"href":"http:\/\/www.rincondelbulla.cl\/portal\/wp-json\/wp\/v2\/media\/12264"}],"wp:attachment":[{"href":"http:\/\/www.rincondelbulla.cl\/portal\/wp-json\/wp\/v2\/media?parent=13583"}],"wp:term":[{"taxonomy":"category","embeddable":true,"href":"http:\/\/www.rincondelbulla.cl\/portal\/wp-json\/wp\/v2\/categories?post=13583"},{"taxonomy":"post_tag","embeddable":true,"href":"http:\/\/www.rincondelbulla.cl\/portal\/wp-json\/wp\/v2\/tags?post=13583"}],"curies":[{"name":"wp","href":"https:\/\/api.w.org\/{rel}","templated":true}]}}