{"id":13614,"date":"2018-01-18T11:44:43","date_gmt":"2018-01-18T14:44:43","guid":{"rendered":"http:\/\/www.rincondelbulla.cl\/portal\/?p=13614"},"modified":"2018-01-18T11:44:43","modified_gmt":"2018-01-18T14:44:43","slug":"zacaria-sera-operado-la-proxima-semana","status":"publish","type":"post","link":"http:\/\/www.rincondelbulla.cl\/portal\/2018\/01\/18\/zacaria-sera-operado-la-proxima-semana\/","title":{"rendered":"Zacar\u00eda ser\u00e1 operado la pr\u00f3xima semana"},"content":{"rendered":"<p><img loading=\"lazy\" decoding=\"async\" class=\"aligncenter size-full wp-image-13615\" src=\"http:\/\/www.rincondelbulla.cl\/portal\/wp-content\/uploads\/2018\/01\/Zacar\u00eda-1.jpg\" alt=\"\" width=\"1194\" height=\"700\" srcset=\"http:\/\/www.rincondelbulla.cl\/portal\/wp-content\/uploads\/2018\/01\/Zacar\u00eda-1.jpg 1194w, http:\/\/www.rincondelbulla.cl\/portal\/wp-content\/uploads\/2018\/01\/Zacar\u00eda-1-300x176.jpg 300w, http:\/\/www.rincondelbulla.cl\/portal\/wp-content\/uploads\/2018\/01\/Zacar\u00eda-1-768x450.jpg 768w, http:\/\/www.rincondelbulla.cl\/portal\/wp-content\/uploads\/2018\/01\/Zacar\u00eda-1-696x408.jpg 696w, http:\/\/www.rincondelbulla.cl\/portal\/wp-content\/uploads\/2018\/01\/Zacar\u00eda-1-1068x626.jpg 1068w, http:\/\/www.rincondelbulla.cl\/portal\/wp-content\/uploads\/2018\/01\/Zacar\u00eda-1-716x420.jpg 716w\" sizes=\"auto, (max-width: 1194px) 100vw, 1194px\" \/><\/p>\n<p><strong>El cuerpo m\u00e9dico de Universidad de Chile inform\u00f3 de la rotura del ligamento cruzado anterior y del menisco medial de la pierna izquierda del delantero Jonathan Zacar\u00eda, tras conocer el resultado de los ex\u00e1menes a los que se someti\u00f3 ayer el jugador.\u00a0<\/strong><\/p>\n<p>Zacar\u00eda sufri\u00f3 el grave problema f\u00edsico durante un amistoso frente a Deportes La Serena, aprovechando el cuadro azul la realizaci\u00f3n de la pretemporada en la Cuarta Regi\u00f3n, duelo que termin\u00f3 con triunfo por 2-0 del conjunto de la Primera B. La lesi\u00f3n en su rodilla se origin\u00f3 tras un choque con el serenense Byron Guajardo.<\/p>\n<p>Incluso, el cuadro azul inform\u00f3 que el extremo ser\u00e1 operado la pr\u00f3xima semana para posteriormente dar inicio a su recuperaci\u00f3n.<\/p>\n<p>\u201cTras revisar los ex\u00e1menes del jugador, el doctor Fernando Radice, jefe del \u00c1rea M\u00e9dica del club, anunci\u00f3 que Zacar\u00eda deber\u00e1 ser intervenido quir\u00fargicamente la pr\u00f3xima semana, luego de confirmarse la rotura del ligamento cruzado anterior y la rotura del menisco medial de su pierna izquierda\u201d, comunic\u00f3 el elenco colegial.<\/p>\n<p>\u201cComo Club Universidad de Chile, le deseamos una pronta y satisfactoria recuperaci\u00f3n. \u00a1Fuerza Zaca, te estaremos esperando!\u201d, finaliz\u00f3 la tienda azul.<\/p>\n","protected":false},"excerpt":{"rendered":"<p>El cuerpo m\u00e9dico de Universidad de Chile inform\u00f3 de la rotura del ligamento cruzado anterior y del menisco medial de la pierna izquierda del delantero Jonathan Zacar\u00eda, tras conocer el resultado de los ex\u00e1menes a los que se someti\u00f3 ayer el jugador.\u00a0 Zacar\u00eda sufri\u00f3 el grave problema f\u00edsico durante un amistoso frente a Deportes La [&#8230;]<\/p>\n","protected":false},"author":21398,"featured_media":13615,"comment_status":"closed","ping_status":"open","sticky":false,"template":"","format":"standard","meta":{"footnotes":""},"categories":[18],"tags":[454,1116,1354,987,630,156],"class_list":{"0":"post-13614","1":"post","2":"type-post","3":"status-publish","4":"format-standard","5":"has-post-thumbnail","7":"category-actualidad","8":"tag-actualidad","9":"tag-cuadro-magico","10":"tag-fernardo-radice","11":"tag-jonathan-zacaria","12":"tag-lesion","13":"tag-universidad-de-chile"},"_links":{"self":[{"href":"http:\/\/www.rincondelbulla.cl\/portal\/wp-json\/wp\/v2\/posts\/13614","targetHints":{"allow":["GET"]}}],"collection":[{"href":"http:\/\/www.rincondelbulla.cl\/portal\/wp-json\/wp\/v2\/posts"}],"about":[{"href":"http:\/\/www.rincondelbulla.cl\/portal\/wp-json\/wp\/v2\/types\/post"}],"author":[{"embeddable":true,"href":"http:\/\/www.rincondelbulla.cl\/portal\/wp-json\/wp\/v2\/users\/21398"}],"replies":[{"embeddable":true,"href":"http:\/\/www.rincondelbulla.cl\/portal\/wp-json\/wp\/v2\/comments?post=13614"}],"version-history":[{"count":1,"href":"http:\/\/www.rincondelbulla.cl\/portal\/wp-json\/wp\/v2\/posts\/13614\/revisions"}],"predecessor-version":[{"id":13616,"href":"http:\/\/www.rincondelbulla.cl\/portal\/wp-json\/wp\/v2\/posts\/13614\/revisions\/13616"}],"wp:featuredmedia":[{"embeddable":true,"href":"http:\/\/www.rincondelbulla.cl\/portal\/wp-json\/wp\/v2\/media\/13615"}],"wp:attachment":[{"href":"http:\/\/www.rincondelbulla.cl\/portal\/wp-json\/wp\/v2\/media?parent=13614"}],"wp:term":[{"taxonomy":"category","embeddable":true,"href":"http:\/\/www.rincondelbulla.cl\/portal\/wp-json\/wp\/v2\/categories?post=13614"},{"taxonomy":"post_tag","embeddable":true,"href":"http:\/\/www.rincondelbulla.cl\/portal\/wp-json\/wp\/v2\/tags?post=13614"}],"curies":[{"name":"wp","href":"https:\/\/api.w.org\/{rel}","templated":true}]}}