{"id":13617,"date":"2018-01-18T18:50:33","date_gmt":"2018-01-18T21:50:33","guid":{"rendered":"http:\/\/www.rincondelbulla.cl\/portal\/?p=13617"},"modified":"2018-01-18T18:50:33","modified_gmt":"2018-01-18T21:50:33","slug":"no-pidan-mas-a-ubilla-acordo-su-arribo-al-shabab-fc-de-arabia","status":"publish","type":"post","link":"http:\/\/www.rincondelbulla.cl\/portal\/2018\/01\/18\/no-pidan-mas-a-ubilla-acordo-su-arribo-al-shabab-fc-de-arabia\/","title":{"rendered":"No pidan m\u00e1s a Ubilla: Acord\u00f3 su arribo al Shabab FC de Arabia"},"content":{"rendered":"<figure id=\"attachment_11239\" aria-describedby=\"caption-attachment-11239\" style=\"width: 960px\" class=\"wp-caption alignnone\"><img loading=\"lazy\" decoding=\"async\" class=\"size-full wp-image-11239\" src=\"http:\/\/www.rincondelbulla.cl\/portal\/wp-content\/uploads\/2017\/03\/17361622_10211116056750808_7495308897022167451_n.jpg\" alt=\"\" width=\"960\" height=\"640\" srcset=\"http:\/\/www.rincondelbulla.cl\/portal\/wp-content\/uploads\/2017\/03\/17361622_10211116056750808_7495308897022167451_n.jpg 960w, http:\/\/www.rincondelbulla.cl\/portal\/wp-content\/uploads\/2017\/03\/17361622_10211116056750808_7495308897022167451_n-300x200.jpg 300w, http:\/\/www.rincondelbulla.cl\/portal\/wp-content\/uploads\/2017\/03\/17361622_10211116056750808_7495308897022167451_n-768x512.jpg 768w, http:\/\/www.rincondelbulla.cl\/portal\/wp-content\/uploads\/2017\/03\/17361622_10211116056750808_7495308897022167451_n-696x464.jpg 696w, http:\/\/www.rincondelbulla.cl\/portal\/wp-content\/uploads\/2017\/03\/17361622_10211116056750808_7495308897022167451_n-630x420.jpg 630w\" sizes=\"auto, (max-width: 960px) 100vw, 960px\" \/><figcaption id=\"caption-attachment-11239\" class=\"wp-caption-text\">Foto: Patricio Gonz\u00e1lez \/Instagram: @patografo<\/figcaption><\/figure>\n<p><strong>Sebasti\u00e1n Ubilla finalmente no volver\u00e1 a Universidad de Chile, donde sonaba con fuerza su regreso tras la lesi\u00f3n de Jonathan Zacar\u00eda, luego que Shabab FC de Arabia Saudita anunciara su arribo para la pr\u00f3xima temporada.\u00a0<\/strong><\/p>\n<p>Recordar que el ariete formado en Wanderers dej\u00f3 la tienda azul en diciembre de 2017 luego que no se le renovara contrato. La lesi\u00f3n de Zacar\u00eda lo puso otra vez en la \u00f3rbita de Carlos Heller y compa\u00f1\u00eda, pero el futuro del jugador est\u00e1 en Medio Oriente.<\/p>\n<p>\u201cShabab Club Saudi y el jugador chileno, Sebasti\u00e1n Ubilla, llegaron a un acuerdo para representar el equipo durante una temporada y media. La firma oficial del jugador queda sujeta a los ex\u00e1menes m\u00e9dicos\u201d, comunic\u00f3 el club \u00e1rabe.<\/p>\n<p>De esta forma Ubilla, de 27 a\u00f1os, defender\u00e1 la tercera camiseta de su carrera tras debutar profesionalmente en Santiago Wanderers el 2008 y defender a los azules entre 2012 y 2017.<\/p>\n","protected":false},"excerpt":{"rendered":"<p>Sebasti\u00e1n Ubilla finalmente no volver\u00e1 a Universidad de Chile, donde sonaba con fuerza su regreso tras la lesi\u00f3n de Jonathan Zacar\u00eda, luego que Shabab FC de Arabia Saudita anunciara su arribo para la pr\u00f3xima temporada.\u00a0 Recordar que el ariete formado en Wanderers dej\u00f3 la tienda azul en diciembre de 2017 luego que no se le [&#8230;]<\/p>\n","protected":false},"author":21397,"featured_media":13439,"comment_status":"closed","ping_status":"open","sticky":false,"template":"","format":"standard","meta":{"footnotes":""},"categories":[18],"tags":[454,1116,118,1355,156],"class_list":{"0":"post-13617","1":"post","2":"type-post","3":"status-publish","4":"format-standard","5":"has-post-thumbnail","7":"category-actualidad","8":"tag-actualidad","9":"tag-cuadro-magico","10":"tag-sebastian-ubilla","11":"tag-shabab-fc-de-arabia","12":"tag-universidad-de-chile"},"_links":{"self":[{"href":"http:\/\/www.rincondelbulla.cl\/portal\/wp-json\/wp\/v2\/posts\/13617","targetHints":{"allow":["GET"]}}],"collection":[{"href":"http:\/\/www.rincondelbulla.cl\/portal\/wp-json\/wp\/v2\/posts"}],"about":[{"href":"http:\/\/www.rincondelbulla.cl\/portal\/wp-json\/wp\/v2\/types\/post"}],"author":[{"embeddable":true,"href":"http:\/\/www.rincondelbulla.cl\/portal\/wp-json\/wp\/v2\/users\/21397"}],"replies":[{"embeddable":true,"href":"http:\/\/www.rincondelbulla.cl\/portal\/wp-json\/wp\/v2\/comments?post=13617"}],"version-history":[{"count":1,"href":"http:\/\/www.rincondelbulla.cl\/portal\/wp-json\/wp\/v2\/posts\/13617\/revisions"}],"predecessor-version":[{"id":13618,"href":"http:\/\/www.rincondelbulla.cl\/portal\/wp-json\/wp\/v2\/posts\/13617\/revisions\/13618"}],"wp:featuredmedia":[{"embeddable":true,"href":"http:\/\/www.rincondelbulla.cl\/portal\/wp-json\/wp\/v2\/media\/13439"}],"wp:attachment":[{"href":"http:\/\/www.rincondelbulla.cl\/portal\/wp-json\/wp\/v2\/media?parent=13617"}],"wp:term":[{"taxonomy":"category","embeddable":true,"href":"http:\/\/www.rincondelbulla.cl\/portal\/wp-json\/wp\/v2\/categories?post=13617"},{"taxonomy":"post_tag","embeddable":true,"href":"http:\/\/www.rincondelbulla.cl\/portal\/wp-json\/wp\/v2\/tags?post=13617"}],"curies":[{"name":"wp","href":"https:\/\/api.w.org\/{rel}","templated":true}]}}