{"id":13619,"date":"2018-01-18T19:04:19","date_gmt":"2018-01-18T22:04:19","guid":{"rendered":"http:\/\/www.rincondelbulla.cl\/portal\/?p=13619"},"modified":"2018-01-18T19:04:19","modified_gmt":"2018-01-18T22:04:19","slug":"caroca-queremos-ganar-todo","status":"publish","type":"post","link":"http:\/\/www.rincondelbulla.cl\/portal\/2018\/01\/18\/caroca-queremos-ganar-todo\/","title":{"rendered":"Caroca: \u00abQueremos ganar todo\u00bb"},"content":{"rendered":"<p><img loading=\"lazy\" decoding=\"async\" class=\"alignnone size-full wp-image-13620\" src=\"http:\/\/www.rincondelbulla.cl\/portal\/wp-content\/uploads\/2018\/01\/Caroca-CDA-Enero.png\" alt=\"\" width=\"1362\" height=\"702\" srcset=\"http:\/\/www.rincondelbulla.cl\/portal\/wp-content\/uploads\/2018\/01\/Caroca-CDA-Enero.png 1362w, http:\/\/www.rincondelbulla.cl\/portal\/wp-content\/uploads\/2018\/01\/Caroca-CDA-Enero-300x155.png 300w, http:\/\/www.rincondelbulla.cl\/portal\/wp-content\/uploads\/2018\/01\/Caroca-CDA-Enero-768x396.png 768w, http:\/\/www.rincondelbulla.cl\/portal\/wp-content\/uploads\/2018\/01\/Caroca-CDA-Enero-1200x619.png 1200w, http:\/\/www.rincondelbulla.cl\/portal\/wp-content\/uploads\/2018\/01\/Caroca-CDA-Enero-696x359.png 696w, http:\/\/www.rincondelbulla.cl\/portal\/wp-content\/uploads\/2018\/01\/Caroca-CDA-Enero-1068x550.png 1068w, http:\/\/www.rincondelbulla.cl\/portal\/wp-content\/uploads\/2018\/01\/Caroca-CDA-Enero-815x420.png 815w\" sizes=\"auto, (max-width: 1362px) 100vw, 1362px\" \/><\/p>\n<p><strong>La U ya est\u00e1 trabajando en el Centro Deportivo Azul la otra parte de la pretemporada con miras al inicio del torneo 2018.<\/strong><\/p>\n<p>En conferencia de prensa esta tarde que se realiz\u00f3 antes de poder ver la pr\u00e1ctico convers\u00f3 con los medios presentes.<\/p>\n<p>Respecto al objetivo de la U este a\u00f1o, el volante dijo:\u00a0\u00abEs\u00a0lograr el t\u00edtulo del Campeonato Nacional, de la Copa Chile y competir de la mejor manera en la Copa Libertadores.\u00a0Queremos ganar todo, para eso nos preparamos y estamos convencidos de eso como grupo\u00bb.<\/p>\n<p>La baja de Zacar\u00eda tambi\u00e9n fue tema:\u00a0\u00abEs una pena. Ese tipo de lesiones son muy fuertes. Somos solidarios como deporte y esperamos que Jonathan tenga toda la valent\u00eda y la fuerza para salir adelante. Vamos a estar con \u00e9l\u00bb.<\/p>\n<p>\u00bfLlega o no Pinares a la U?<br \/>\n\u00abTengo las mejores referencias de \u00e9l, he compartido con su familia y es muy humilde. A nivel profesional es un jugadorazo. M\u00e1s all\u00e1 no s\u00e9, porque\u00a0es un tema que lo ven los dirigentes\u00bb.<\/p>\n<p>Finalmente coment\u00f3 el supuesto llamado que le hizo Colo Colo para partir al archirrival:\u00a0\u00abFue un tema muy por encima, como un comentario y no pas\u00f3 a mayores.\u00a0Nadie me llam\u00f3 de Colo Colo. Hubo una conversaci\u00f3n (sobre el tema), pero nada m\u00e1s all\u00e1. Estoy feliz ac\u00e1 y quiero lograr cosas importantes en esta instituci\u00f3n\u00bb.<\/p>\n","protected":false},"excerpt":{"rendered":"<p>La U ya est\u00e1 trabajando en el Centro Deportivo Azul la otra parte de la pretemporada con miras al inicio del torneo 2018. En conferencia de prensa esta tarde que se realiz\u00f3 antes de poder ver la pr\u00e1ctico convers\u00f3 con los medios presentes. Respecto al objetivo de la U este a\u00f1o, el volante dijo:\u00a0\u00abEs\u00a0lograr el [&#8230;]<\/p>\n","protected":false},"author":21397,"featured_media":13620,"comment_status":"closed","ping_status":"open","sticky":false,"template":"","format":"standard","meta":{"footnotes":""},"categories":[18],"tags":[454,502,1116,404,900,156,834],"class_list":{"0":"post-13619","1":"post","2":"type-post","3":"status-publish","4":"format-standard","5":"has-post-thumbnail","7":"category-actualidad","8":"tag-actualidad","9":"tag-colo-colo","10":"tag-cuadro-magico","11":"tag-pretemporada","12":"tag-rafael-caroca","13":"tag-universidad-de-chile","14":"tag-zacaria"},"_links":{"self":[{"href":"http:\/\/www.rincondelbulla.cl\/portal\/wp-json\/wp\/v2\/posts\/13619","targetHints":{"allow":["GET"]}}],"collection":[{"href":"http:\/\/www.rincondelbulla.cl\/portal\/wp-json\/wp\/v2\/posts"}],"about":[{"href":"http:\/\/www.rincondelbulla.cl\/portal\/wp-json\/wp\/v2\/types\/post"}],"author":[{"embeddable":true,"href":"http:\/\/www.rincondelbulla.cl\/portal\/wp-json\/wp\/v2\/users\/21397"}],"replies":[{"embeddable":true,"href":"http:\/\/www.rincondelbulla.cl\/portal\/wp-json\/wp\/v2\/comments?post=13619"}],"version-history":[{"count":1,"href":"http:\/\/www.rincondelbulla.cl\/portal\/wp-json\/wp\/v2\/posts\/13619\/revisions"}],"predecessor-version":[{"id":13621,"href":"http:\/\/www.rincondelbulla.cl\/portal\/wp-json\/wp\/v2\/posts\/13619\/revisions\/13621"}],"wp:featuredmedia":[{"embeddable":true,"href":"http:\/\/www.rincondelbulla.cl\/portal\/wp-json\/wp\/v2\/media\/13620"}],"wp:attachment":[{"href":"http:\/\/www.rincondelbulla.cl\/portal\/wp-json\/wp\/v2\/media?parent=13619"}],"wp:term":[{"taxonomy":"category","embeddable":true,"href":"http:\/\/www.rincondelbulla.cl\/portal\/wp-json\/wp\/v2\/categories?post=13619"},{"taxonomy":"post_tag","embeddable":true,"href":"http:\/\/www.rincondelbulla.cl\/portal\/wp-json\/wp\/v2\/tags?post=13619"}],"curies":[{"name":"wp","href":"https:\/\/api.w.org\/{rel}","templated":true}]}}