{"id":13637,"date":"2018-01-22T11:06:47","date_gmt":"2018-01-22T14:06:47","guid":{"rendered":"http:\/\/www.rincondelbulla.cl\/portal\/?p=13637"},"modified":"2018-01-22T11:06:47","modified_gmt":"2018-01-22T14:06:47","slug":"otro-amistoso-con-la-pata-izquierda-ahora-perdieron-con-audax","status":"publish","type":"post","link":"http:\/\/www.rincondelbulla.cl\/portal\/2018\/01\/22\/otro-amistoso-con-la-pata-izquierda-ahora-perdieron-con-audax\/","title":{"rendered":"Otro amistoso con la pata izquierda: ahora perdieron con Audax"},"content":{"rendered":"<p><img loading=\"lazy\" decoding=\"async\" class=\"aligncenter size-full wp-image-13638\" src=\"http:\/\/www.rincondelbulla.cl\/portal\/wp-content\/uploads\/2018\/01\/foto-web-amistoso-audax.jpg\" alt=\"\" width=\"1337\" height=\"700\" srcset=\"http:\/\/www.rincondelbulla.cl\/portal\/wp-content\/uploads\/2018\/01\/foto-web-amistoso-audax.jpg 1337w, http:\/\/www.rincondelbulla.cl\/portal\/wp-content\/uploads\/2018\/01\/foto-web-amistoso-audax-300x157.jpg 300w, http:\/\/www.rincondelbulla.cl\/portal\/wp-content\/uploads\/2018\/01\/foto-web-amistoso-audax-768x402.jpg 768w, http:\/\/www.rincondelbulla.cl\/portal\/wp-content\/uploads\/2018\/01\/foto-web-amistoso-audax-1200x628.jpg 1200w, http:\/\/www.rincondelbulla.cl\/portal\/wp-content\/uploads\/2018\/01\/foto-web-amistoso-audax-696x364.jpg 696w, http:\/\/www.rincondelbulla.cl\/portal\/wp-content\/uploads\/2018\/01\/foto-web-amistoso-audax-1068x559.jpg 1068w, http:\/\/www.rincondelbulla.cl\/portal\/wp-content\/uploads\/2018\/01\/foto-web-amistoso-audax-802x420.jpg 802w\" sizes=\"auto, (max-width: 1337px) 100vw, 1337px\" \/><\/p>\n<p><strong>En el marco de la\u00a0pretemporada\u00a0que est\u00e1 realizando nuestro plantel profesional, este s\u00e1bado se llev\u00f3 a cabo un\u00a0encuentro amistoso ante Audax Italiano\u00a0en el Centro Deportivo Azul.<\/strong><\/p>\n<p>En la ocasi\u00f3n, los visitantes lograron aprovechar sus ocasiones y se llevaron desde La Cisterna una victoria por 4-1,\u00a0 con las anotaciones de Sebasti\u00e1n Abreu, Ignacio Jeraldino, V\u00edctor Soto y Juan Leiva, mientras que\u00a0el descuento azul corri\u00f3 por parte de Yerko Leiva.<\/p>\n<p>Cabe destacar que el<strong>\u00a0once inicial de la U<\/strong>\u00a0estuvo compuesto por Johnny Herrera, Franz Schultz, Alejandro Contreras, Lucas Alarc\u00f3n, Felipe Saavedra, Felipe Seymour, Rafael Caroca, \u00c1ngelo Araos, Yerko Leiva, Iv\u00e1n Rozas y Gabriel Mazuela.<\/p>\n<p>En la segunda etapa, en tanto, ingres\u00f3 Fernando De Paul, David Pizarro, Nicol\u00e1s Guerra e Isaac D\u00edaz,\u00a0<strong>permitiendo al t\u00e9cnico Guillermo Hoyos ir probando diferentes alternativas de cara a la temporada que se avecina<\/strong>. Ahora el plantel continuar\u00e1 con los trabajos f\u00edsicos y los duelos amistosos, donde Palestino y\u00a0Sporting Cristal aparecen como oponentes antes del inicio de las competencias oficiales.<\/p>\n<p>Fuente: U de Chile<\/p>\n","protected":false},"excerpt":{"rendered":"<p>En el marco de la\u00a0pretemporada\u00a0que est\u00e1 realizando nuestro plantel profesional, este s\u00e1bado se llev\u00f3 a cabo un\u00a0encuentro amistoso ante Audax Italiano\u00a0en el Centro Deportivo Azul. En la ocasi\u00f3n, los visitantes lograron aprovechar sus ocasiones y se llevaron desde La Cisterna una victoria por 4-1,\u00a0 con las anotaciones de Sebasti\u00e1n Abreu, Ignacio Jeraldino, V\u00edctor Soto y [&#8230;]<\/p>\n","protected":false},"author":21398,"featured_media":13638,"comment_status":"closed","ping_status":"open","sticky":false,"template":"","format":"standard","meta":{"footnotes":""},"categories":[18],"tags":[454,475,563,1116,404,156],"class_list":{"0":"post-13637","1":"post","2":"type-post","3":"status-publish","4":"format-standard","5":"has-post-thumbnail","7":"category-actualidad","8":"tag-actualidad","9":"tag-audax-italiano","10":"tag-centro-deportivo-azul","11":"tag-cuadro-magico","12":"tag-pretemporada","13":"tag-universidad-de-chile"},"_links":{"self":[{"href":"http:\/\/www.rincondelbulla.cl\/portal\/wp-json\/wp\/v2\/posts\/13637","targetHints":{"allow":["GET"]}}],"collection":[{"href":"http:\/\/www.rincondelbulla.cl\/portal\/wp-json\/wp\/v2\/posts"}],"about":[{"href":"http:\/\/www.rincondelbulla.cl\/portal\/wp-json\/wp\/v2\/types\/post"}],"author":[{"embeddable":true,"href":"http:\/\/www.rincondelbulla.cl\/portal\/wp-json\/wp\/v2\/users\/21398"}],"replies":[{"embeddable":true,"href":"http:\/\/www.rincondelbulla.cl\/portal\/wp-json\/wp\/v2\/comments?post=13637"}],"version-history":[{"count":1,"href":"http:\/\/www.rincondelbulla.cl\/portal\/wp-json\/wp\/v2\/posts\/13637\/revisions"}],"predecessor-version":[{"id":13639,"href":"http:\/\/www.rincondelbulla.cl\/portal\/wp-json\/wp\/v2\/posts\/13637\/revisions\/13639"}],"wp:featuredmedia":[{"embeddable":true,"href":"http:\/\/www.rincondelbulla.cl\/portal\/wp-json\/wp\/v2\/media\/13638"}],"wp:attachment":[{"href":"http:\/\/www.rincondelbulla.cl\/portal\/wp-json\/wp\/v2\/media?parent=13637"}],"wp:term":[{"taxonomy":"category","embeddable":true,"href":"http:\/\/www.rincondelbulla.cl\/portal\/wp-json\/wp\/v2\/categories?post=13637"},{"taxonomy":"post_tag","embeddable":true,"href":"http:\/\/www.rincondelbulla.cl\/portal\/wp-json\/wp\/v2\/tags?post=13637"}],"curies":[{"name":"wp","href":"https:\/\/api.w.org\/{rel}","templated":true}]}}