{"id":13640,"date":"2018-01-22T11:15:43","date_gmt":"2018-01-22T14:15:43","guid":{"rendered":"http:\/\/www.rincondelbulla.cl\/portal\/?p=13640"},"modified":"2018-01-22T11:21:10","modified_gmt":"2018-01-22T14:21:10","slug":"sub14-es-campeon-del-torneo-de-verano-fresia","status":"publish","type":"post","link":"http:\/\/www.rincondelbulla.cl\/portal\/2018\/01\/22\/sub14-es-campeon-del-torneo-de-verano-fresia\/","title":{"rendered":"Sub14 es campe\u00f3n del Torneo de Verano Fresia"},"content":{"rendered":"<p><img loading=\"lazy\" decoding=\"async\" class=\"aligncenter size-full wp-image-13644\" src=\"http:\/\/www.rincondelbulla.cl\/portal\/wp-content\/uploads\/2018\/01\/Sub14-campeon.jpg\" alt=\"\" width=\"1114\" height=\"700\" srcset=\"http:\/\/www.rincondelbulla.cl\/portal\/wp-content\/uploads\/2018\/01\/Sub14-campeon.jpg 1114w, http:\/\/www.rincondelbulla.cl\/portal\/wp-content\/uploads\/2018\/01\/Sub14-campeon-300x189.jpg 300w, http:\/\/www.rincondelbulla.cl\/portal\/wp-content\/uploads\/2018\/01\/Sub14-campeon-768x483.jpg 768w, http:\/\/www.rincondelbulla.cl\/portal\/wp-content\/uploads\/2018\/01\/Sub14-campeon-696x437.jpg 696w, http:\/\/www.rincondelbulla.cl\/portal\/wp-content\/uploads\/2018\/01\/Sub14-campeon-1068x671.jpg 1068w, http:\/\/www.rincondelbulla.cl\/portal\/wp-content\/uploads\/2018\/01\/Sub14-campeon-668x420.jpg 668w\" sizes=\"auto, (max-width: 1114px) 100vw, 1114px\" \/><\/p>\n<p><strong>La categor\u00eda Sub 14 logr\u00f3 este domingo quedarse con el t\u00edtulo del\u00a0Torneo de Verano Fresia 2018\u00a0tras superar en la final a Deportes Temuco y\u00a0cerrar una participaci\u00f3n con una racha de cinco triunfos consecutivos.<\/strong><\/p>\n<p>Los azules derrotaron por 4-0 al cuadro de la Araucan\u00eda en el duelo decisivo gracias a los goles de\u00a0Lucas Assadi, Daniel Pizarro y Jorge Sep\u00falveda\u00a0(2), en un compromiso donde el cuadro dirigido por el t\u00e9cnico Nicol\u00e1s Prieto fue el principal dominador y cont\u00f3 con las mayores acciones de peligro.<\/p>\n<p>La Sub 14 cerr\u00f3 as\u00ed un certamen donde mostr\u00f3 un destacado desempe\u00f1o,\u00a0logrando vencer a todos sus rivales con importantes resultados. Y es que Deportes Valdivia (7-0), Newbery &amp; Everton\u00a0(5-2), Kamac Mayu\u00a0(15-0), la Selecci\u00f3n de Fresia (7-0), sumado a Deportes Temuco, fueron los oponentes que sucumbieron ante nuestra serie.<\/p>\n<p>De esta forma, los azules regresar\u00e1n a Santiago en los pr\u00f3ximos d\u00edas cumpliendo el primer objetivo del 2018 y seguir\u00e1n con su preparaci\u00f3n de cara a\u00a0una temporada donde buscar\u00e1n seguir sumando t\u00edtulos y alegr\u00edas para el F\u00fatbol Formativo.<\/p>\n","protected":false},"excerpt":{"rendered":"<p>La categor\u00eda Sub 14 logr\u00f3 este domingo quedarse con el t\u00edtulo del\u00a0Torneo de Verano Fresia 2018\u00a0tras superar en la final a Deportes Temuco y\u00a0cerrar una participaci\u00f3n con una racha de cinco triunfos consecutivos. Los azules derrotaron por 4-0 al cuadro de la Araucan\u00eda en el duelo decisivo gracias a los goles de\u00a0Lucas Assadi, Daniel Pizarro [&#8230;]<\/p>\n","protected":false},"author":21398,"featured_media":13641,"comment_status":"closed","ping_status":"open","sticky":false,"template":"","format":"standard","meta":{"footnotes":""},"categories":[18],"tags":[454,1116,1357,156],"class_list":{"0":"post-13640","1":"post","2":"type-post","3":"status-publish","4":"format-standard","5":"has-post-thumbnail","7":"category-actualidad","8":"tag-actualidad","9":"tag-cuadro-magico","10":"tag-torneo-de-verano-fresia-2018","11":"tag-universidad-de-chile"},"_links":{"self":[{"href":"http:\/\/www.rincondelbulla.cl\/portal\/wp-json\/wp\/v2\/posts\/13640","targetHints":{"allow":["GET"]}}],"collection":[{"href":"http:\/\/www.rincondelbulla.cl\/portal\/wp-json\/wp\/v2\/posts"}],"about":[{"href":"http:\/\/www.rincondelbulla.cl\/portal\/wp-json\/wp\/v2\/types\/post"}],"author":[{"embeddable":true,"href":"http:\/\/www.rincondelbulla.cl\/portal\/wp-json\/wp\/v2\/users\/21398"}],"replies":[{"embeddable":true,"href":"http:\/\/www.rincondelbulla.cl\/portal\/wp-json\/wp\/v2\/comments?post=13640"}],"version-history":[{"count":2,"href":"http:\/\/www.rincondelbulla.cl\/portal\/wp-json\/wp\/v2\/posts\/13640\/revisions"}],"predecessor-version":[{"id":13645,"href":"http:\/\/www.rincondelbulla.cl\/portal\/wp-json\/wp\/v2\/posts\/13640\/revisions\/13645"}],"wp:featuredmedia":[{"embeddable":true,"href":"http:\/\/www.rincondelbulla.cl\/portal\/wp-json\/wp\/v2\/media\/13641"}],"wp:attachment":[{"href":"http:\/\/www.rincondelbulla.cl\/portal\/wp-json\/wp\/v2\/media?parent=13640"}],"wp:term":[{"taxonomy":"category","embeddable":true,"href":"http:\/\/www.rincondelbulla.cl\/portal\/wp-json\/wp\/v2\/categories?post=13640"},{"taxonomy":"post_tag","embeddable":true,"href":"http:\/\/www.rincondelbulla.cl\/portal\/wp-json\/wp\/v2\/tags?post=13640"}],"curies":[{"name":"wp","href":"https:\/\/api.w.org\/{rel}","templated":true}]}}