{"id":13653,"date":"2018-01-23T17:16:37","date_gmt":"2018-01-23T20:16:37","guid":{"rendered":"http:\/\/www.rincondelbulla.cl\/portal\/?p=13653"},"modified":"2018-01-23T17:16:37","modified_gmt":"2018-01-23T20:16:37","slug":"futbolistas-del-formativo-fueron-evaluados-en-la-universidad-de-los-andes","status":"publish","type":"post","link":"http:\/\/www.rincondelbulla.cl\/portal\/2018\/01\/23\/futbolistas-del-formativo-fueron-evaluados-en-la-universidad-de-los-andes\/","title":{"rendered":"Futbolistas del formativo fueron evaluados en la Universidad de Los Andes"},"content":{"rendered":"<p><img loading=\"lazy\" decoding=\"async\" class=\"aligncenter size-full wp-image-13654\" src=\"http:\/\/www.rincondelbulla.cl\/portal\/wp-content\/uploads\/2018\/01\/Formativo-en-UAndes.jpg\" alt=\"\" width=\"1050\" height=\"700\" srcset=\"http:\/\/www.rincondelbulla.cl\/portal\/wp-content\/uploads\/2018\/01\/Formativo-en-UAndes.jpg 1050w, http:\/\/www.rincondelbulla.cl\/portal\/wp-content\/uploads\/2018\/01\/Formativo-en-UAndes-300x200.jpg 300w, http:\/\/www.rincondelbulla.cl\/portal\/wp-content\/uploads\/2018\/01\/Formativo-en-UAndes-768x512.jpg 768w, http:\/\/www.rincondelbulla.cl\/portal\/wp-content\/uploads\/2018\/01\/Formativo-en-UAndes-696x464.jpg 696w, http:\/\/www.rincondelbulla.cl\/portal\/wp-content\/uploads\/2018\/01\/Formativo-en-UAndes-630x420.jpg 630w\" sizes=\"auto, (max-width: 1050px) 100vw, 1050px\" \/><\/p>\n<p><strong>Un grupo de 20 jugadores de proyecci\u00f3n de las juveniles de la Universidad de Chile, desde la Sub-15 a la Sub-19, participaron en evaluaciones kin\u00e9sicas realizadas en el\u00a0Laboratorio Integrativo de Biomec\u00e1nica y Fisiolog\u00eda del Esfuerzo\u00a0de la\u00a0Escuela de Kinesiolog\u00eda de la UAndes.<\/strong><\/p>\n<p>Bajo la supervisi\u00f3n de los kinesi\u00f3logos y docentes de la Escuela, los futbolistas realizaron una prueba de salto para medir el rendimiento en base a la altura registrada, y tambi\u00e9n hicieron una prueba de rendimiento en base al consumo m\u00e1ximo de ox\u00edgeno y umbral anaer\u00f3bico.<\/p>\n<p>Miguel Ponce, entrenador de los jugadores Sub 17 y jefe T\u00e9cnico del F\u00fatbol Formativo de la Universidad de Chile, acompa\u00f1\u00f3 a los j\u00f3venes durante las pruebas y explic\u00f3 que \u00e9stas son muy positivas y de gran utilidad para los deportistas, en miras a los torneos planificados: \u201cLa capacidad f\u00edsica es fundamental para el \u00e9xito deportivo y, en este sentido, hoy en d\u00eda la ciencia nos ayuda mucho para lograrlo\u201d. El ex futbolista profesional tambi\u00e9n se\u00f1al\u00f3 que la alimentaci\u00f3n y la disciplina juegan un rol fundamental para los deportistas.<\/p>\n<p>Los profesores de la\u00a0<a href=\"http:\/\/www.uandes.cl\/unidades-academicas\/escuela-de-kinesiologia\">Escuela de Kinesiolog\u00eda<\/a>\u00a0a cargo de las mediciones fueron Rafael Rossi, Marco Kokaly, \u00d3scar Valencia y Felipe Palma.<\/p>\n","protected":false},"excerpt":{"rendered":"<p>Un grupo de 20 jugadores de proyecci\u00f3n de las juveniles de la Universidad de Chile, desde la Sub-15 a la Sub-19, participaron en evaluaciones kin\u00e9sicas realizadas en el\u00a0Laboratorio Integrativo de Biomec\u00e1nica y Fisiolog\u00eda del Esfuerzo\u00a0de la\u00a0Escuela de Kinesiolog\u00eda de la UAndes. Bajo la supervisi\u00f3n de los kinesi\u00f3logos y docentes de la Escuela, los futbolistas realizaron [&#8230;]<\/p>\n","protected":false},"author":21398,"featured_media":13654,"comment_status":"closed","ping_status":"open","sticky":false,"template":"","format":"standard","meta":{"footnotes":""},"categories":[18],"tags":[454,1116,1333,156,1362],"class_list":{"0":"post-13653","1":"post","2":"type-post","3":"status-publish","4":"format-standard","5":"has-post-thumbnail","7":"category-actualidad","8":"tag-actualidad","9":"tag-cuadro-magico","10":"tag-futbol-formantivo","11":"tag-universidad-de-chile","12":"tag-universidad-de-los-andes"},"_links":{"self":[{"href":"http:\/\/www.rincondelbulla.cl\/portal\/wp-json\/wp\/v2\/posts\/13653","targetHints":{"allow":["GET"]}}],"collection":[{"href":"http:\/\/www.rincondelbulla.cl\/portal\/wp-json\/wp\/v2\/posts"}],"about":[{"href":"http:\/\/www.rincondelbulla.cl\/portal\/wp-json\/wp\/v2\/types\/post"}],"author":[{"embeddable":true,"href":"http:\/\/www.rincondelbulla.cl\/portal\/wp-json\/wp\/v2\/users\/21398"}],"replies":[{"embeddable":true,"href":"http:\/\/www.rincondelbulla.cl\/portal\/wp-json\/wp\/v2\/comments?post=13653"}],"version-history":[{"count":1,"href":"http:\/\/www.rincondelbulla.cl\/portal\/wp-json\/wp\/v2\/posts\/13653\/revisions"}],"predecessor-version":[{"id":13655,"href":"http:\/\/www.rincondelbulla.cl\/portal\/wp-json\/wp\/v2\/posts\/13653\/revisions\/13655"}],"wp:featuredmedia":[{"embeddable":true,"href":"http:\/\/www.rincondelbulla.cl\/portal\/wp-json\/wp\/v2\/media\/13654"}],"wp:attachment":[{"href":"http:\/\/www.rincondelbulla.cl\/portal\/wp-json\/wp\/v2\/media?parent=13653"}],"wp:term":[{"taxonomy":"category","embeddable":true,"href":"http:\/\/www.rincondelbulla.cl\/portal\/wp-json\/wp\/v2\/categories?post=13653"},{"taxonomy":"post_tag","embeddable":true,"href":"http:\/\/www.rincondelbulla.cl\/portal\/wp-json\/wp\/v2\/tags?post=13653"}],"curies":[{"name":"wp","href":"https:\/\/api.w.org\/{rel}","templated":true}]}}