{"id":13656,"date":"2018-01-23T21:31:41","date_gmt":"2018-01-24T00:31:41","guid":{"rendered":"http:\/\/www.rincondelbulla.cl\/portal\/?p=13656"},"modified":"2018-01-23T21:32:27","modified_gmt":"2018-01-24T00:32:27","slug":"ahora-es-meneses-llega-o-es-humo","status":"publish","type":"post","link":"http:\/\/www.rincondelbulla.cl\/portal\/2018\/01\/23\/ahora-es-meneses-llega-o-es-humo\/","title":{"rendered":"Ahora es Meneses, \u00bfLlega o es humo?"},"content":{"rendered":"<p><img loading=\"lazy\" decoding=\"async\" class=\"alignleft size-full wp-image-13657\" src=\"http:\/\/www.rincondelbulla.cl\/portal\/wp-content\/uploads\/2018\/01\/Jean-Meneses-1.jpg\" alt=\"\" width=\"1200\" height=\"600\" srcset=\"http:\/\/www.rincondelbulla.cl\/portal\/wp-content\/uploads\/2018\/01\/Jean-Meneses-1.jpg 1200w, http:\/\/www.rincondelbulla.cl\/portal\/wp-content\/uploads\/2018\/01\/Jean-Meneses-1-300x150.jpg 300w, http:\/\/www.rincondelbulla.cl\/portal\/wp-content\/uploads\/2018\/01\/Jean-Meneses-1-768x384.jpg 768w, http:\/\/www.rincondelbulla.cl\/portal\/wp-content\/uploads\/2018\/01\/Jean-Meneses-1-696x348.jpg 696w, http:\/\/www.rincondelbulla.cl\/portal\/wp-content\/uploads\/2018\/01\/Jean-Meneses-1-1068x534.jpg 1068w, http:\/\/www.rincondelbulla.cl\/portal\/wp-content\/uploads\/2018\/01\/Jean-Meneses-1-840x420.jpg 840w\" sizes=\"auto, (max-width: 1200px) 100vw, 1200px\" \/><\/p>\n<p><strong>Y<\/strong><strong>a que se aleja la opci\u00f3n de Pinares en la U, ahora es Meneses el que se acercar\u00eda a la banca de Hoyos.<\/strong><\/p>\n<p>\u00abTuve la oportunidad de conversar con mi representante y\u00a0me comunicaron que la U hizo una carta formal para poder contar con mis servicios. Estoy esperando que la U de Conce me de una respuesta\u00bb, dijo el atacante de 24 a\u00f1os en Radio Agricultura, agregando que \u00abreci\u00e9n ma\u00f1ana (martes) volvemos a entrenar, as\u00ed que llegando a Concepci\u00f3n voy a conversar con la dirigencia y con el t\u00e9cnico para ver qu\u00e9 decisi\u00f3n vamos a tomar\u00bb, fueron las palabras del jugador que por hoy milita en Universidad de Concepci\u00f3n.<\/p>\n<p>Pero posterior a esta posible buena noticia que llegaba desde el sur, apareci\u00f3 el\u00a0presidente de la rama de f\u00fatbol de U. de Concepci\u00f3n, Mario Rodr\u00edguez, qui\u00e9n se\u00f1al\u00f3 al El Gr\u00e1fico que:\u00a0\u00abLa U pidi\u00f3 un pr\u00e9stamo, pero nosotros estamos pidiendo m\u00e1s,\u00a0porque los montos que nos dieron eran muy bajos. Adem\u00e1s, a nosotros nos interesa vender los derechos federativos, el pase, pero el monto que hicieron del pr\u00e9stamo es baj\u00edsimo para partir (negociando), sobre todo pensando en un jugador de proyecci\u00f3n como Meneses\u00bb.<\/p>\n<p>Con todo lo anterior el\u00a0futbolista deber\u00e1 esperar a que decide El campanil que se re\u00fane ma\u00f1ana, y, a que la U suba el precio por \u00e9l.<\/p>\n","protected":false},"excerpt":{"rendered":"<p>Ya que se aleja la opci\u00f3n de Pinares en la U, ahora es Meneses el que se acercar\u00eda a la banca de Hoyos. \u00abTuve la oportunidad de conversar con mi representante y\u00a0me comunicaron que la U hizo una carta formal para poder contar con mis servicios. Estoy esperando que la U de Conce me de [&#8230;]<\/p>\n","protected":false},"author":21395,"featured_media":13658,"comment_status":"closed","ping_status":"open","sticky":false,"template":"","format":"standard","meta":{"footnotes":""},"categories":[18],"tags":[454,1116,1363,156,462],"class_list":{"0":"post-13656","1":"post","2":"type-post","3":"status-publish","4":"format-standard","5":"has-post-thumbnail","7":"category-actualidad","8":"tag-actualidad","9":"tag-cuadro-magico","10":"tag-jean-meneses","11":"tag-universidad-de-chile","12":"tag-universidad-de-concepcion"},"_links":{"self":[{"href":"http:\/\/www.rincondelbulla.cl\/portal\/wp-json\/wp\/v2\/posts\/13656","targetHints":{"allow":["GET"]}}],"collection":[{"href":"http:\/\/www.rincondelbulla.cl\/portal\/wp-json\/wp\/v2\/posts"}],"about":[{"href":"http:\/\/www.rincondelbulla.cl\/portal\/wp-json\/wp\/v2\/types\/post"}],"author":[{"embeddable":true,"href":"http:\/\/www.rincondelbulla.cl\/portal\/wp-json\/wp\/v2\/users\/21395"}],"replies":[{"embeddable":true,"href":"http:\/\/www.rincondelbulla.cl\/portal\/wp-json\/wp\/v2\/comments?post=13656"}],"version-history":[{"count":2,"href":"http:\/\/www.rincondelbulla.cl\/portal\/wp-json\/wp\/v2\/posts\/13656\/revisions"}],"predecessor-version":[{"id":13660,"href":"http:\/\/www.rincondelbulla.cl\/portal\/wp-json\/wp\/v2\/posts\/13656\/revisions\/13660"}],"wp:featuredmedia":[{"embeddable":true,"href":"http:\/\/www.rincondelbulla.cl\/portal\/wp-json\/wp\/v2\/media\/13658"}],"wp:attachment":[{"href":"http:\/\/www.rincondelbulla.cl\/portal\/wp-json\/wp\/v2\/media?parent=13656"}],"wp:term":[{"taxonomy":"category","embeddable":true,"href":"http:\/\/www.rincondelbulla.cl\/portal\/wp-json\/wp\/v2\/categories?post=13656"},{"taxonomy":"post_tag","embeddable":true,"href":"http:\/\/www.rincondelbulla.cl\/portal\/wp-json\/wp\/v2\/tags?post=13656"}],"curies":[{"name":"wp","href":"https:\/\/api.w.org\/{rel}","templated":true}]}}