{"id":13661,"date":"2018-01-24T11:52:07","date_gmt":"2018-01-24T14:52:07","guid":{"rendered":"http:\/\/www.rincondelbulla.cl\/portal\/?p=13661"},"modified":"2018-01-24T11:52:07","modified_gmt":"2018-01-24T14:52:07","slug":"la-u-protege-al-plantel-ante-lesiones","status":"publish","type":"post","link":"http:\/\/www.rincondelbulla.cl\/portal\/2018\/01\/24\/la-u-protege-al-plantel-ante-lesiones\/","title":{"rendered":"La U protege al plantel ante lesiones"},"content":{"rendered":"<p><img loading=\"lazy\" decoding=\"async\" class=\"aligncenter size-full wp-image-13662\" src=\"http:\/\/www.rincondelbulla.cl\/portal\/wp-content\/uploads\/2018\/01\/Pretemporada-Enero-2017.jpg\" alt=\"\" width=\"900\" height=\"579\" srcset=\"http:\/\/www.rincondelbulla.cl\/portal\/wp-content\/uploads\/2018\/01\/Pretemporada-Enero-2017.jpg 900w, http:\/\/www.rincondelbulla.cl\/portal\/wp-content\/uploads\/2018\/01\/Pretemporada-Enero-2017-300x193.jpg 300w, http:\/\/www.rincondelbulla.cl\/portal\/wp-content\/uploads\/2018\/01\/Pretemporada-Enero-2017-768x494.jpg 768w, http:\/\/www.rincondelbulla.cl\/portal\/wp-content\/uploads\/2018\/01\/Pretemporada-Enero-2017-696x448.jpg 696w, http:\/\/www.rincondelbulla.cl\/portal\/wp-content\/uploads\/2018\/01\/Pretemporada-Enero-2017-653x420.jpg 653w\" sizes=\"auto, (max-width: 900px) 100vw, 900px\" \/><\/p>\n<p><strong>Ante la preocupaci\u00f3n de Guillermo Hoyos se cre\u00f3 una lista de jugadores que no viajar\u00e1n a Per\u00fa.<\/strong><\/p>\n<p>La grave lesi\u00f3n de Jonathan Zacar\u00eda prendi\u00f3 las alarmas en el CDA, eso porque una pieza clave dentro de la planificaci\u00f3n de Hoyos se perd\u00eda en un amistoso de pretemporada.<br \/>\nPor lo mismo y por expresa petici\u00f3n del DT el amistoso pactado con Palestino fue suspendido y se entreg\u00f3 la lista de jugadores que no viajar\u00e1n para el amistoso frente a Sporting Cristal.<\/p>\n<p>Mauricio Pinilla por una inflamaci\u00f3n de tobillo, Rodrigo Echeverr\u00eda por un desgarro, Felipe Saavedra se recupera de una fractura de peron\u00e9 y Jonathan Zacar\u00eda completa el listado de los que no estar\u00e1n este domingo en Lima.<\/p>\n","protected":false},"excerpt":{"rendered":"<p>Ante la preocupaci\u00f3n de Guillermo Hoyos se cre\u00f3 una lista de jugadores que no viajar\u00e1n a Per\u00fa. La grave lesi\u00f3n de Jonathan Zacar\u00eda prendi\u00f3 las alarmas en el CDA, eso porque una pieza clave dentro de la planificaci\u00f3n de Hoyos se perd\u00eda en un amistoso de pretemporada. Por lo mismo y por expresa petici\u00f3n del [&#8230;]<\/p>\n","protected":false},"author":21398,"featured_media":13662,"comment_status":"closed","ping_status":"open","sticky":false,"template":"","format":"standard","meta":{"footnotes":""},"categories":[18],"tags":[454,1359,1116,404,156],"class_list":{"0":"post-13661","1":"post","2":"type-post","3":"status-publish","4":"format-standard","5":"has-post-thumbnail","7":"category-actualidad","8":"tag-actualidad","9":"tag-amistosos","10":"tag-cuadro-magico","11":"tag-pretemporada","12":"tag-universidad-de-chile"},"_links":{"self":[{"href":"http:\/\/www.rincondelbulla.cl\/portal\/wp-json\/wp\/v2\/posts\/13661","targetHints":{"allow":["GET"]}}],"collection":[{"href":"http:\/\/www.rincondelbulla.cl\/portal\/wp-json\/wp\/v2\/posts"}],"about":[{"href":"http:\/\/www.rincondelbulla.cl\/portal\/wp-json\/wp\/v2\/types\/post"}],"author":[{"embeddable":true,"href":"http:\/\/www.rincondelbulla.cl\/portal\/wp-json\/wp\/v2\/users\/21398"}],"replies":[{"embeddable":true,"href":"http:\/\/www.rincondelbulla.cl\/portal\/wp-json\/wp\/v2\/comments?post=13661"}],"version-history":[{"count":1,"href":"http:\/\/www.rincondelbulla.cl\/portal\/wp-json\/wp\/v2\/posts\/13661\/revisions"}],"predecessor-version":[{"id":13663,"href":"http:\/\/www.rincondelbulla.cl\/portal\/wp-json\/wp\/v2\/posts\/13661\/revisions\/13663"}],"wp:featuredmedia":[{"embeddable":true,"href":"http:\/\/www.rincondelbulla.cl\/portal\/wp-json\/wp\/v2\/media\/13662"}],"wp:attachment":[{"href":"http:\/\/www.rincondelbulla.cl\/portal\/wp-json\/wp\/v2\/media?parent=13661"}],"wp:term":[{"taxonomy":"category","embeddable":true,"href":"http:\/\/www.rincondelbulla.cl\/portal\/wp-json\/wp\/v2\/categories?post=13661"},{"taxonomy":"post_tag","embeddable":true,"href":"http:\/\/www.rincondelbulla.cl\/portal\/wp-json\/wp\/v2\/tags?post=13661"}],"curies":[{"name":"wp","href":"https:\/\/api.w.org\/{rel}","templated":true}]}}