{"id":13665,"date":"2018-01-24T15:36:28","date_gmt":"2018-01-24T18:36:28","guid":{"rendered":"http:\/\/www.rincondelbulla.cl\/portal\/?p=13665"},"modified":"2018-01-24T15:36:28","modified_gmt":"2018-01-24T18:36:28","slug":"christian-vilches-necesitamos-un-equipo-amplio-para-pelear-ambos-torneos","status":"publish","type":"post","link":"http:\/\/www.rincondelbulla.cl\/portal\/2018\/01\/24\/christian-vilches-necesitamos-un-equipo-amplio-para-pelear-ambos-torneos\/","title":{"rendered":"Christian Vilches, \u00abNecesitamos un equipo amplio para pelear ambos torneos\u00bb"},"content":{"rendered":"<p><img loading=\"lazy\" decoding=\"async\" class=\"aligncenter size-full wp-image-11794\" src=\"http:\/\/www.rincondelbulla.cl\/portal\/wp-content\/uploads\/2017\/07\/Christian-Vilches-Post-\u00d1ublense.jpg\" alt=\"\" width=\"1244\" height=\"700\" srcset=\"http:\/\/www.rincondelbulla.cl\/portal\/wp-content\/uploads\/2017\/07\/Christian-Vilches-Post-\u00d1ublense.jpg 1244w, http:\/\/www.rincondelbulla.cl\/portal\/wp-content\/uploads\/2017\/07\/Christian-Vilches-Post-\u00d1ublense-300x169.jpg 300w, http:\/\/www.rincondelbulla.cl\/portal\/wp-content\/uploads\/2017\/07\/Christian-Vilches-Post-\u00d1ublense-768x432.jpg 768w, http:\/\/www.rincondelbulla.cl\/portal\/wp-content\/uploads\/2017\/07\/Christian-Vilches-Post-\u00d1ublense-1200x675.jpg 1200w, http:\/\/www.rincondelbulla.cl\/portal\/wp-content\/uploads\/2017\/07\/Christian-Vilches-Post-\u00d1ublense-696x392.jpg 696w, http:\/\/www.rincondelbulla.cl\/portal\/wp-content\/uploads\/2017\/07\/Christian-Vilches-Post-\u00d1ublense-1068x601.jpg 1068w, http:\/\/www.rincondelbulla.cl\/portal\/wp-content\/uploads\/2017\/07\/Christian-Vilches-Post-\u00d1ublense-746x420.jpg 746w\" sizes=\"auto, (max-width: 1244px) 100vw, 1244px\" \/><\/p>\n<p><strong>En la U se preparan con todo de cara a la pr\u00f3xima temporada, donde pelear\u00e1n torneo local y Copa Libertadores en el primer semestre.<\/strong><!--more--><\/p>\n<p>Con el objetivo de dar pelea en todas las competencias, los dirigidos de \u00c1ngel Guillermo Hoyos pasan los d\u00edas de entrenamientos en el CDA, con la pretemporada en La Serena ya finalizada, el objetivo es seguir trabajando lo f\u00edsico y t\u00e1ctico para llegar de la mejor forma al inicio de ambos torneos.<\/p>\n<p>Ahora la preocupaci\u00f3n de la dirigencia y de algunos miembros del plantel, sigue siendo la incorporaci\u00f3n de nuevos elementos al equipo, la llegada de Araos, Saavedra y la reciente llegada del venezolano Soteldo, en el Rom\u00e1ntico viajero esperan concretar la llegada de por lo menos dos jugadores m\u00e1s.<\/p>\n<p>Ante esto, el defensa Christian Vilches se refiri\u00f3 a la llegada de nuevos jugadores al equipo, \u00ab<strong>Lo \u00fanico que pide uno, es que sea quien sea que llegue es que sea un aporte para el equipo\u00bb<\/strong>, indic\u00f3.<\/p>\n<p>Ante la consulta sobre si la llegada de m\u00e1s jugadores opacar\u00eda la presencia de alguno jugadores en el equipo titular, el zaguero no dud\u00f3, \u00ab<strong>Eso pasa en todos los equipos, en cualquier lugar, ahora teniendo Libertadores necesitamos un equipo m\u00e1s amplio para poder pelear ambos torneo\u00bb,\u00a0<\/strong>agreg\u00f3.<\/p>\n<p>Vilches habl\u00f3 sobre la pretemporada realizada en la Serena y de c\u00f3mo se han sentido con los practicas, \u00ab<strong>Ha sido una pretemporada bastante ruda, como acostumbran ser, as\u00ed que ah\u00ed estamos trabajando fuerte para comenzar de la mejor manera<\/strong>\u00ab, sostuvo.<\/p>\n<p>Para cerrar el Kily, tuvo palabras para el duelo amistoso que enfrentar\u00e1n en tierras peruanas ante Sporting Cristal, \u00ab<strong>Vemos bien este duelo, para tratar de mejorara la parte futbol\u00edstica, m\u00e1s que el tema de estar corriendo\u00bb,\u00a0<\/strong>concluy\u00f3.<\/p>\n","protected":false},"excerpt":{"rendered":"<p>En la U se preparan con todo de cara a la pr\u00f3xima temporada, donde pelear\u00e1n torneo local y Copa Libertadores en el primer semestre.<\/p>\n","protected":false},"author":56,"featured_media":11794,"comment_status":"closed","ping_status":"open","sticky":false,"template":"","format":"standard","meta":{"footnotes":""},"categories":[18],"tags":[156,1012],"class_list":{"0":"post-13665","1":"post","2":"type-post","3":"status-publish","4":"format-standard","5":"has-post-thumbnail","7":"category-actualidad","8":"tag-universidad-de-chile","9":"tag-vilches"},"_links":{"self":[{"href":"http:\/\/www.rincondelbulla.cl\/portal\/wp-json\/wp\/v2\/posts\/13665","targetHints":{"allow":["GET"]}}],"collection":[{"href":"http:\/\/www.rincondelbulla.cl\/portal\/wp-json\/wp\/v2\/posts"}],"about":[{"href":"http:\/\/www.rincondelbulla.cl\/portal\/wp-json\/wp\/v2\/types\/post"}],"author":[{"embeddable":true,"href":"http:\/\/www.rincondelbulla.cl\/portal\/wp-json\/wp\/v2\/users\/56"}],"replies":[{"embeddable":true,"href":"http:\/\/www.rincondelbulla.cl\/portal\/wp-json\/wp\/v2\/comments?post=13665"}],"version-history":[{"count":1,"href":"http:\/\/www.rincondelbulla.cl\/portal\/wp-json\/wp\/v2\/posts\/13665\/revisions"}],"predecessor-version":[{"id":13666,"href":"http:\/\/www.rincondelbulla.cl\/portal\/wp-json\/wp\/v2\/posts\/13665\/revisions\/13666"}],"wp:featuredmedia":[{"embeddable":true,"href":"http:\/\/www.rincondelbulla.cl\/portal\/wp-json\/wp\/v2\/media\/11794"}],"wp:attachment":[{"href":"http:\/\/www.rincondelbulla.cl\/portal\/wp-json\/wp\/v2\/media?parent=13665"}],"wp:term":[{"taxonomy":"category","embeddable":true,"href":"http:\/\/www.rincondelbulla.cl\/portal\/wp-json\/wp\/v2\/categories?post=13665"},{"taxonomy":"post_tag","embeddable":true,"href":"http:\/\/www.rincondelbulla.cl\/portal\/wp-json\/wp\/v2\/tags?post=13665"}],"curies":[{"name":"wp","href":"https:\/\/api.w.org\/{rel}","templated":true}]}}