{"id":13700,"date":"2018-01-28T11:48:50","date_gmt":"2018-01-28T14:48:50","guid":{"rendered":"http:\/\/www.rincondelbulla.cl\/portal\/?p=13700"},"modified":"2018-01-28T11:51:34","modified_gmt":"2018-01-28T14:51:34","slug":"formativo-en-maullin-se-grito-campeon","status":"publish","type":"post","link":"http:\/\/www.rincondelbulla.cl\/portal\/2018\/01\/28\/formativo-en-maullin-se-grito-campeon\/","title":{"rendered":"Formativo: En Maull\u00edn se grit\u00f3 campe\u00f3n"},"content":{"rendered":"<p><img loading=\"lazy\" decoding=\"async\" class=\"aligncenter size-full wp-image-13701\" src=\"http:\/\/www.rincondelbulla.cl\/portal\/wp-content\/uploads\/2018\/01\/Formativo-Copa-Maullin-1.jpg\" alt=\"\" width=\"888\" height=\"542\" srcset=\"http:\/\/www.rincondelbulla.cl\/portal\/wp-content\/uploads\/2018\/01\/Formativo-Copa-Maullin-1.jpg 888w, http:\/\/www.rincondelbulla.cl\/portal\/wp-content\/uploads\/2018\/01\/Formativo-Copa-Maullin-1-300x183.jpg 300w, http:\/\/www.rincondelbulla.cl\/portal\/wp-content\/uploads\/2018\/01\/Formativo-Copa-Maullin-1-768x469.jpg 768w, http:\/\/www.rincondelbulla.cl\/portal\/wp-content\/uploads\/2018\/01\/Formativo-Copa-Maullin-1-696x425.jpg 696w, http:\/\/www.rincondelbulla.cl\/portal\/wp-content\/uploads\/2018\/01\/Formativo-Copa-Maullin-1-688x420.jpg 688w\" sizes=\"auto, (max-width: 888px) 100vw, 888px\" \/><\/p>\n<p><strong>Un nuevo t\u00edtulo consigui\u00f3 este s\u00e1bado nuestro\u00a0f\u00fatbol formativo\u00a0en medio de la pretemporada que realizan las diferentes categor\u00edas azules. Esta vez, en la Regi\u00f3n de los Lagos, un\u00a0equipo mixto conformado por jugadores de la Sub 14 y Sub 15 se qued\u00f3 con la Maull\u00edn Cup 2018.<\/strong><\/p>\n<p>A cargo del t\u00e9cnico Felipe Reyes,\u00a0consiguieron el t\u00edtulo del cuadrangular nacional\u00a0que cont\u00f3 con la participaron de Deportes Valdivia, Deportes Puerto Montt y la Selecci\u00f3n de Maull\u00edn.<\/p>\n<p>Justamente frente a este \u00faltimo se disput\u00f3 el t\u00edtulo en la gran final, favoreciendo a los azules por\u00a03-0 con goles de Benjam\u00edn P\u00e9rez\u00a0(goleador del certamen), Jaison Fuentealba y Basti\u00e1n Valladares, todos durante el segundo tiempo.<\/p>\n<p>Cabe destacar que\u00a0el equipo de la U sum\u00f3 tres triunfos en cuatro compromisos durante la Maull\u00edn Cup, tras las anteriores victorias ante Deportes Valdivia y Puerto Montt. As\u00ed, con la obtenci\u00f3n del torneo, nuestro f\u00fatbol formativo sum\u00f3 su segundo t\u00edtulo de pretemporada luego del\u00a0<a href=\"http:\/\/www.rincondelbulla.cl\/portal\/2018\/01\/22\/sub14-es-campeon-del-torneo-de-verano-fresia\/\">conseguido por la Sub 14 en Fresia<\/a>.<\/p>\n<p><iframe loading=\"lazy\" src=\"https:\/\/www.facebook.com\/plugins\/video.php?href=https%3A%2F%2Fwww.facebook.com%2FfutboljovenU%2Fvideos%2F2011611485723811%2F&#038;show_text=0&#038;width=560\" width=\"560\" height=\"316\" style=\"border:none;overflow:hidden\" scrolling=\"no\" frameborder=\"0\" allowTransparency=\"true\" allowFullScreen=\"true\"><\/iframe><\/p>\n","protected":false},"excerpt":{"rendered":"<p>Un nuevo t\u00edtulo consigui\u00f3 este s\u00e1bado nuestro\u00a0f\u00fatbol formativo\u00a0en medio de la pretemporada que realizan las diferentes categor\u00edas azules. Esta vez, en la Regi\u00f3n de los Lagos, un\u00a0equipo mixto conformado por jugadores de la Sub 14 y Sub 15 se qued\u00f3 con la Maull\u00edn Cup 2018. A cargo del t\u00e9cnico Felipe Reyes,\u00a0consiguieron el t\u00edtulo del cuadrangular [&#8230;]<\/p>\n","protected":false},"author":21398,"featured_media":13702,"comment_status":"closed","ping_status":"open","sticky":false,"template":"","format":"standard","meta":{"footnotes":""},"categories":[18],"tags":[454,1116,409,1370,1368,1369,156],"class_list":{"0":"post-13700","1":"post","2":"type-post","3":"status-publish","4":"format-standard","5":"has-post-thumbnail","7":"category-actualidad","8":"tag-actualidad","9":"tag-cuadro-magico","10":"tag-futbol-formativo","11":"tag-sub14","12":"tag-sub15","13":"tag-torneo-de-verano-maullin-cup-2018","14":"tag-universidad-de-chile"},"_links":{"self":[{"href":"http:\/\/www.rincondelbulla.cl\/portal\/wp-json\/wp\/v2\/posts\/13700","targetHints":{"allow":["GET"]}}],"collection":[{"href":"http:\/\/www.rincondelbulla.cl\/portal\/wp-json\/wp\/v2\/posts"}],"about":[{"href":"http:\/\/www.rincondelbulla.cl\/portal\/wp-json\/wp\/v2\/types\/post"}],"author":[{"embeddable":true,"href":"http:\/\/www.rincondelbulla.cl\/portal\/wp-json\/wp\/v2\/users\/21398"}],"replies":[{"embeddable":true,"href":"http:\/\/www.rincondelbulla.cl\/portal\/wp-json\/wp\/v2\/comments?post=13700"}],"version-history":[{"count":2,"href":"http:\/\/www.rincondelbulla.cl\/portal\/wp-json\/wp\/v2\/posts\/13700\/revisions"}],"predecessor-version":[{"id":13704,"href":"http:\/\/www.rincondelbulla.cl\/portal\/wp-json\/wp\/v2\/posts\/13700\/revisions\/13704"}],"wp:featuredmedia":[{"embeddable":true,"href":"http:\/\/www.rincondelbulla.cl\/portal\/wp-json\/wp\/v2\/media\/13702"}],"wp:attachment":[{"href":"http:\/\/www.rincondelbulla.cl\/portal\/wp-json\/wp\/v2\/media?parent=13700"}],"wp:term":[{"taxonomy":"category","embeddable":true,"href":"http:\/\/www.rincondelbulla.cl\/portal\/wp-json\/wp\/v2\/categories?post=13700"},{"taxonomy":"post_tag","embeddable":true,"href":"http:\/\/www.rincondelbulla.cl\/portal\/wp-json\/wp\/v2\/tags?post=13700"}],"curies":[{"name":"wp","href":"https:\/\/api.w.org\/{rel}","templated":true}]}}