{"id":13705,"date":"2018-01-28T12:08:43","date_gmt":"2018-01-28T15:08:43","guid":{"rendered":"http:\/\/www.rincondelbulla.cl\/portal\/?p=13705"},"modified":"2018-01-28T12:08:43","modified_gmt":"2018-01-28T15:08:43","slug":"con-optimismo-y-fe-para-el-ultimo-partido-de-la-pretemporada","status":"publish","type":"post","link":"http:\/\/www.rincondelbulla.cl\/portal\/2018\/01\/28\/con-optimismo-y-fe-para-el-ultimo-partido-de-la-pretemporada\/","title":{"rendered":"Con optimismo y fe para el \u00faltimo partido de la pretemporada"},"content":{"rendered":"<p><img loading=\"lazy\" decoding=\"async\" class=\"alignnone size-full wp-image-13706\" src=\"http:\/\/www.rincondelbulla.cl\/portal\/wp-content\/uploads\/2018\/01\/Soteldo-y-Hoyos.jpg\" alt=\"\" width=\"1200\" height=\"675\" srcset=\"http:\/\/www.rincondelbulla.cl\/portal\/wp-content\/uploads\/2018\/01\/Soteldo-y-Hoyos.jpg 1200w, http:\/\/www.rincondelbulla.cl\/portal\/wp-content\/uploads\/2018\/01\/Soteldo-y-Hoyos-300x169.jpg 300w, http:\/\/www.rincondelbulla.cl\/portal\/wp-content\/uploads\/2018\/01\/Soteldo-y-Hoyos-768x432.jpg 768w, http:\/\/www.rincondelbulla.cl\/portal\/wp-content\/uploads\/2018\/01\/Soteldo-y-Hoyos-696x392.jpg 696w, http:\/\/www.rincondelbulla.cl\/portal\/wp-content\/uploads\/2018\/01\/Soteldo-y-Hoyos-1068x601.jpg 1068w, http:\/\/www.rincondelbulla.cl\/portal\/wp-content\/uploads\/2018\/01\/Soteldo-y-Hoyos-747x420.jpg 747w\" sizes=\"auto, (max-width: 1200px) 100vw, 1200px\" \/><\/p>\n<p><strong>Universidad de Chile parti\u00f3 a Lima para realizar el \u00fanico amistoso televisado y donde se podr\u00e1 ver como podr\u00eda ser uno de los equipos de Hoyos.<\/strong><\/p>\n<p>Hay bajas en el equipo, pero no por eso, los que viajan no pueden ser titulares en alg\u00fan momento del a\u00f1o, sabiendo que la U tiene Torneo loca, Copa Libertadores y Copa Chile.<\/p>\n<p>Uno de los que habl\u00f3 en la previa de este partido ante Sporting Cristal, fue \u00abPablo M\u00e1rmol\u00bb Soteldo \u00abEstoy preparado, listo para hacer el debut con esta camiseta y con mis compa\u00f1eros. Estoy tranquilo y ansioso por empezar a jugar\u00a0r\u00e1pido\u00bb.<\/p>\n<p>El juvenil \u00abKun\u00bb Guerra, tambi\u00e9n declaro respecto a este duelo especial \u00abveo al plantel s\u00faper bien, muy motivado, con lindos desaf\u00edos y eso me tiene contento.\u00a0Estamos todos apuntando al mismo lado, que es llegar a lo m\u00e1s alto posible\u00bb.<\/p>\n<p>Finalemente el \u00abKily\u00bb Vilches agreg\u00f3 que \u00abYa est\u00e1 por comenzar el torneo y creo que ser\u00e1 un lindo partido, con un gran equipo.\u00a0Ahora esperar a funcionar mejor. Si bien los primeros dos partidos de preparaci\u00f3n no fue lo que esper\u00e1bamos, sabemos que hay motivaciones distintas en cada partido. Esperamos que este partido sea algo positivo para nosotros\u201d.<\/p>\n<p>El duelo est\u00e1 programado para las\u00a017:30 horas de este domingo y podr\u00e1s seguir todas las alternativas en <strong>RincondelBulla.cl<\/strong><\/p>\n","protected":false},"excerpt":{"rendered":"<p>Universidad de Chile parti\u00f3 a Lima para realizar el \u00fanico amistoso televisado y donde se podr\u00e1 ver como podr\u00eda ser uno de los equipos de Hoyos. Hay bajas en el equipo, pero no por eso, los que viajan no pueden ser titulares en alg\u00fan momento del a\u00f1o, sabiendo que la U tiene Torneo loca, Copa [&#8230;]<\/p>\n","protected":false},"author":21397,"featured_media":13706,"comment_status":"closed","ping_status":"open","sticky":false,"template":"","format":"standard","meta":{"footnotes":""},"categories":[18],"tags":[454,168,818,1116,1161,404,1350,156,1371],"class_list":{"0":"post-13705","1":"post","2":"type-post","3":"status-publish","4":"format-standard","5":"has-post-thumbnail","7":"category-actualidad","8":"tag-actualidad","9":"tag-amistoso","10":"tag-christian-vilches","11":"tag-cuadro-magico","12":"tag-nicolas-guerra","13":"tag-pretemporada","14":"tag-sporting-cristal","15":"tag-universidad-de-chile","16":"tag-yerferson-soteldo"},"_links":{"self":[{"href":"http:\/\/www.rincondelbulla.cl\/portal\/wp-json\/wp\/v2\/posts\/13705","targetHints":{"allow":["GET"]}}],"collection":[{"href":"http:\/\/www.rincondelbulla.cl\/portal\/wp-json\/wp\/v2\/posts"}],"about":[{"href":"http:\/\/www.rincondelbulla.cl\/portal\/wp-json\/wp\/v2\/types\/post"}],"author":[{"embeddable":true,"href":"http:\/\/www.rincondelbulla.cl\/portal\/wp-json\/wp\/v2\/users\/21397"}],"replies":[{"embeddable":true,"href":"http:\/\/www.rincondelbulla.cl\/portal\/wp-json\/wp\/v2\/comments?post=13705"}],"version-history":[{"count":1,"href":"http:\/\/www.rincondelbulla.cl\/portal\/wp-json\/wp\/v2\/posts\/13705\/revisions"}],"predecessor-version":[{"id":13707,"href":"http:\/\/www.rincondelbulla.cl\/portal\/wp-json\/wp\/v2\/posts\/13705\/revisions\/13707"}],"wp:featuredmedia":[{"embeddable":true,"href":"http:\/\/www.rincondelbulla.cl\/portal\/wp-json\/wp\/v2\/media\/13706"}],"wp:attachment":[{"href":"http:\/\/www.rincondelbulla.cl\/portal\/wp-json\/wp\/v2\/media?parent=13705"}],"wp:term":[{"taxonomy":"category","embeddable":true,"href":"http:\/\/www.rincondelbulla.cl\/portal\/wp-json\/wp\/v2\/categories?post=13705"},{"taxonomy":"post_tag","embeddable":true,"href":"http:\/\/www.rincondelbulla.cl\/portal\/wp-json\/wp\/v2\/tags?post=13705"}],"curies":[{"name":"wp","href":"https:\/\/api.w.org\/{rel}","templated":true}]}}