{"id":13716,"date":"2018-01-29T11:49:58","date_gmt":"2018-01-29T14:49:58","guid":{"rendered":"http:\/\/www.rincondelbulla.cl\/portal\/?p=13716"},"modified":"2018-01-29T11:49:58","modified_gmt":"2018-01-29T14:49:58","slug":"hoyos-no-fue-para-nada-amistoso","status":"publish","type":"post","link":"http:\/\/www.rincondelbulla.cl\/portal\/2018\/01\/29\/hoyos-no-fue-para-nada-amistoso\/","title":{"rendered":"Hoyos: \u00abNo fue para nada amistoso\u00bb"},"content":{"rendered":"<figure id=\"attachment_13092\" aria-describedby=\"caption-attachment-13092\" style=\"width: 1050px\" class=\"wp-caption alignleft\"><img loading=\"lazy\" decoding=\"async\" class=\"size-full wp-image-13092\" src=\"http:\/\/www.rincondelbulla.cl\/portal\/wp-content\/uploads\/2017\/11\/Hoyos-post-Final-Copa-Chile.jpg\" alt=\"\" width=\"1050\" height=\"700\" srcset=\"http:\/\/www.rincondelbulla.cl\/portal\/wp-content\/uploads\/2017\/11\/Hoyos-post-Final-Copa-Chile.jpg 1050w, http:\/\/www.rincondelbulla.cl\/portal\/wp-content\/uploads\/2017\/11\/Hoyos-post-Final-Copa-Chile-300x200.jpg 300w, http:\/\/www.rincondelbulla.cl\/portal\/wp-content\/uploads\/2017\/11\/Hoyos-post-Final-Copa-Chile-768x512.jpg 768w, http:\/\/www.rincondelbulla.cl\/portal\/wp-content\/uploads\/2017\/11\/Hoyos-post-Final-Copa-Chile-696x464.jpg 696w, http:\/\/www.rincondelbulla.cl\/portal\/wp-content\/uploads\/2017\/11\/Hoyos-post-Final-Copa-Chile-630x420.jpg 630w\" sizes=\"auto, (max-width: 1050px) 100vw, 1050px\" \/><figcaption id=\"caption-attachment-13092\" class=\"wp-caption-text\">Fotograf\u00eda: Claudio C\u00e1ceres<\/figcaption><\/figure>\n<p><strong>Universidad de Chile perdi\u00f3 por 2 a 1 ante Sporting y dej\u00f3 muchas dudas tras perder todos los amistosos de la pretemporada.<\/strong><\/p>\n<p>El t\u00e9cnico del cuadro m\u00e1gico, Guillermo Hoyos, habl\u00f3 de lo que fue el cotejo tras llegar a Santiago.<\/p>\n<p>\u00abHicimos un primer tiempo que nos deja conforme. Hubo un buen ritmo, intenso. No fue para nada amistoso, en el cual se a ambos equipos con ganas de ganar el partido. A m\u00ed me gust\u00f3 mucho y ya en el segundo tiempo, se distorsiona un poco por los cambios, y a partir de ah\u00ed me qued\u00f3 con lo realizado en el primer tiempo\u00bb, dijo el estratego.<\/p>\n<p>Otro de los temas que convers\u00f3 con los medios presentes es la llegada de Cooper, qui\u00e9n ser\u00e1 presentado ma\u00f1ana en el CDA\u00a0\u00abEs un jugador del que tengo buenas referencias, hechas por Bolillo G\u00f3mez (t\u00e9cnico de Panam\u00e1) y ojal\u00e1 salgan las cosas bien a \u00e9l, y as\u00ed saldr\u00e1n las cosas bien para nosotros\u00bb, por coincidencia se top\u00f3 con el nuevo refuerzo en el aeropuerto.<\/p>\n<p>Todos saben que falta un central para reforzar la U, \u00bfLo sabr\u00e1 Hoyos?<\/p>\n<p>\u00abVeremos ya el d\u00eda martes con Ronald (Fuentes) y Pablo (Silva) que otra situaci\u00f3n podemos llegar a mantener, porque este fin de semana arranca el campeonato y\u00a0entiendo que tenemos hasta fines de febrero para fichar, as\u00ed es que veremos qu\u00e9 podemos llegar a sumar, para qu\u00e9 lado podemos mirar y ver qu\u00e9 es lo que necesitamos\u00bb, cerr\u00f3 Guillermo.<\/p>\n","protected":false},"excerpt":{"rendered":"<p>Universidad de Chile perdi\u00f3 por 2 a 1 ante Sporting y dej\u00f3 muchas dudas tras perder todos los amistosos de la pretemporada. El t\u00e9cnico del cuadro m\u00e1gico, Guillermo Hoyos, habl\u00f3 de lo que fue el cotejo tras llegar a Santiago. \u00abHicimos un primer tiempo que nos deja conforme. Hubo un buen ritmo, intenso. No fue [&#8230;]<\/p>\n","protected":false},"author":21395,"featured_media":13093,"comment_status":"closed","ping_status":"open","sticky":false,"template":"","format":"standard","meta":{"footnotes":""},"categories":[18],"tags":[454,1364,1116,1006,235,156],"class_list":{"0":"post-13716","1":"post","2":"type-post","3":"status-publish","4":"format-standard","5":"has-post-thumbnail","7":"category-actualidad","8":"tag-actualidad","9":"tag-armando-cooper","10":"tag-cuadro-magico","11":"tag-guillermo-hoyos","12":"tag-refuerzos","13":"tag-universidad-de-chile"},"_links":{"self":[{"href":"http:\/\/www.rincondelbulla.cl\/portal\/wp-json\/wp\/v2\/posts\/13716","targetHints":{"allow":["GET"]}}],"collection":[{"href":"http:\/\/www.rincondelbulla.cl\/portal\/wp-json\/wp\/v2\/posts"}],"about":[{"href":"http:\/\/www.rincondelbulla.cl\/portal\/wp-json\/wp\/v2\/types\/post"}],"author":[{"embeddable":true,"href":"http:\/\/www.rincondelbulla.cl\/portal\/wp-json\/wp\/v2\/users\/21395"}],"replies":[{"embeddable":true,"href":"http:\/\/www.rincondelbulla.cl\/portal\/wp-json\/wp\/v2\/comments?post=13716"}],"version-history":[{"count":1,"href":"http:\/\/www.rincondelbulla.cl\/portal\/wp-json\/wp\/v2\/posts\/13716\/revisions"}],"predecessor-version":[{"id":13717,"href":"http:\/\/www.rincondelbulla.cl\/portal\/wp-json\/wp\/v2\/posts\/13716\/revisions\/13717"}],"wp:featuredmedia":[{"embeddable":true,"href":"http:\/\/www.rincondelbulla.cl\/portal\/wp-json\/wp\/v2\/media\/13093"}],"wp:attachment":[{"href":"http:\/\/www.rincondelbulla.cl\/portal\/wp-json\/wp\/v2\/media?parent=13716"}],"wp:term":[{"taxonomy":"category","embeddable":true,"href":"http:\/\/www.rincondelbulla.cl\/portal\/wp-json\/wp\/v2\/categories?post=13716"},{"taxonomy":"post_tag","embeddable":true,"href":"http:\/\/www.rincondelbulla.cl\/portal\/wp-json\/wp\/v2\/tags?post=13716"}],"curies":[{"name":"wp","href":"https:\/\/api.w.org\/{rel}","templated":true}]}}