{"id":13729,"date":"2018-01-30T16:11:31","date_gmt":"2018-01-30T19:11:31","guid":{"rendered":"http:\/\/www.rincondelbulla.cl\/portal\/?p=13729"},"modified":"2018-01-30T16:46:31","modified_gmt":"2018-01-30T19:46:31","slug":"el-nuevo-11-de-la-u-armando-cooper","status":"publish","type":"post","link":"http:\/\/www.rincondelbulla.cl\/portal\/2018\/01\/30\/el-nuevo-11-de-la-u-armando-cooper\/","title":{"rendered":"El nuevo 11 de la U: Armando Cooper"},"content":{"rendered":"<p><img loading=\"lazy\" decoding=\"async\" class=\"alignnone size-full wp-image-13730\" src=\"http:\/\/www.rincondelbulla.cl\/portal\/wp-content\/uploads\/2018\/01\/Armando-Cooper-presentaci\u00f3n.jpg\" alt=\"\" width=\"1049\" height=\"700\" srcset=\"http:\/\/www.rincondelbulla.cl\/portal\/wp-content\/uploads\/2018\/01\/Armando-Cooper-presentaci\u00f3n.jpg 1049w, http:\/\/www.rincondelbulla.cl\/portal\/wp-content\/uploads\/2018\/01\/Armando-Cooper-presentaci\u00f3n-300x200.jpg 300w, http:\/\/www.rincondelbulla.cl\/portal\/wp-content\/uploads\/2018\/01\/Armando-Cooper-presentaci\u00f3n-768x512.jpg 768w, http:\/\/www.rincondelbulla.cl\/portal\/wp-content\/uploads\/2018\/01\/Armando-Cooper-presentaci\u00f3n-696x464.jpg 696w, http:\/\/www.rincondelbulla.cl\/portal\/wp-content\/uploads\/2018\/01\/Armando-Cooper-presentaci\u00f3n-629x420.jpg 629w\" sizes=\"auto, (max-width: 1049px) 100vw, 1049px\" \/><\/p>\n<p><strong>Armando Cooper fue presentado oficialmente este martes en el CDA como el flamante refuerzo de Universidad de Chile por toda la temporada 2018, utilizando la camiseta n\u00famero 11.\u00a0<\/strong><\/p>\n<p>\u201cEstoy contento de estar ac\u00e1, en un club importante de Chile una buena liga. Espero dar todo de m\u00ed\u201d, fueron las primeras palabras del volante.<\/p>\n<p>En relaci\u00f3n a la posici\u00f3n que ocupar\u00e1 en la cancha, el paname\u00f1o sostuvo que puede jugar en varios puestos de la cancha, resaltando que se siente mucha m\u00e1s c\u00f3modo como volante mixto.<\/p>\n<p>\u201cMe siento c\u00f3modo como volante mixto. He jugado como doble 5, puedo jugar de 10, pero tiendo a bajar a buscar la pelota a defender ya que lo hago por naturaleza. Me siento m\u00e1s c\u00f3modo como volante mixto\u201d.<\/p>\n<p>\u201cMe gusta asociarme con jugadores que tienen una buena t\u00e9cnica, que se puedan asociar, para sacarnos provecho el uno del otro\u00bb.<\/p>\n<p>Asimismo, se mostr\u00f3 feliz de poder volver a jugar la Conmebol Libertadores, certamen que disput\u00f3 hace unos a\u00f1os con Godoy Cruz. Me ilusiona mucho volver a jugar la Copa Libertadores, quiero disfrutar de esos momentos y tratar de llegar lo m\u00e1s lejos posible<\/p>\n<p>Armando Cooper se convirti\u00f3 en el cuarto refuerzo del elenco dirigido por \u00c1ngel Guillermo Hoyos, tras los arribos de \u00c1ngelo Araos, Felipe Saavedra y Yeferson Soteldo.<\/p>\n","protected":false},"excerpt":{"rendered":"<p>Armando Cooper fue presentado oficialmente este martes en el CDA como el flamante refuerzo de Universidad de Chile por toda la temporada 2018, utilizando la camiseta n\u00famero 11.\u00a0 \u201cEstoy contento de estar ac\u00e1, en un club importante de Chile una buena liga. Espero dar todo de m\u00ed\u201d, fueron las primeras palabras del volante. En relaci\u00f3n [&#8230;]<\/p>\n","protected":false},"author":21397,"featured_media":13730,"comment_status":"closed","ping_status":"open","sticky":false,"template":"","format":"standard","meta":{"footnotes":""},"categories":[18],"tags":[454,1364,1116,777,156],"class_list":{"0":"post-13729","1":"post","2":"type-post","3":"status-publish","4":"format-standard","5":"has-post-thumbnail","7":"category-actualidad","8":"tag-actualidad","9":"tag-armando-cooper","10":"tag-cuadro-magico","11":"tag-refuerzo","12":"tag-universidad-de-chile"},"_links":{"self":[{"href":"http:\/\/www.rincondelbulla.cl\/portal\/wp-json\/wp\/v2\/posts\/13729","targetHints":{"allow":["GET"]}}],"collection":[{"href":"http:\/\/www.rincondelbulla.cl\/portal\/wp-json\/wp\/v2\/posts"}],"about":[{"href":"http:\/\/www.rincondelbulla.cl\/portal\/wp-json\/wp\/v2\/types\/post"}],"author":[{"embeddable":true,"href":"http:\/\/www.rincondelbulla.cl\/portal\/wp-json\/wp\/v2\/users\/21397"}],"replies":[{"embeddable":true,"href":"http:\/\/www.rincondelbulla.cl\/portal\/wp-json\/wp\/v2\/comments?post=13729"}],"version-history":[{"count":2,"href":"http:\/\/www.rincondelbulla.cl\/portal\/wp-json\/wp\/v2\/posts\/13729\/revisions"}],"predecessor-version":[{"id":13732,"href":"http:\/\/www.rincondelbulla.cl\/portal\/wp-json\/wp\/v2\/posts\/13729\/revisions\/13732"}],"wp:featuredmedia":[{"embeddable":true,"href":"http:\/\/www.rincondelbulla.cl\/portal\/wp-json\/wp\/v2\/media\/13730"}],"wp:attachment":[{"href":"http:\/\/www.rincondelbulla.cl\/portal\/wp-json\/wp\/v2\/media?parent=13729"}],"wp:term":[{"taxonomy":"category","embeddable":true,"href":"http:\/\/www.rincondelbulla.cl\/portal\/wp-json\/wp\/v2\/categories?post=13729"},{"taxonomy":"post_tag","embeddable":true,"href":"http:\/\/www.rincondelbulla.cl\/portal\/wp-json\/wp\/v2\/tags?post=13729"}],"curies":[{"name":"wp","href":"https:\/\/api.w.org\/{rel}","templated":true}]}}