{"id":13769,"date":"2018-02-04T10:44:02","date_gmt":"2018-02-04T13:44:02","guid":{"rendered":"http:\/\/www.rincondelbulla.cl\/portal\/?p=13769"},"modified":"2018-02-04T10:44:25","modified_gmt":"2018-02-04T13:44:25","slug":"el-llamado-a-la-hinchada-para-este-torneo","status":"publish","type":"post","link":"http:\/\/www.rincondelbulla.cl\/portal\/2018\/02\/04\/el-llamado-a-la-hinchada-para-este-torneo\/","title":{"rendered":"El llamado a la hinchada para este torneo"},"content":{"rendered":"<figure id=\"attachment_13420\" aria-describedby=\"caption-attachment-13420\" style=\"width: 853px\" class=\"wp-caption alignleft\"><img loading=\"lazy\" decoding=\"async\" class=\"size-full wp-image-13420\" src=\"http:\/\/www.rincondelbulla.cl\/portal\/wp-content\/uploads\/2017\/12\/cuando-la-barra-se-organiza.jpg\" alt=\"\" width=\"853\" height=\"853\" srcset=\"http:\/\/www.rincondelbulla.cl\/portal\/wp-content\/uploads\/2017\/12\/cuando-la-barra-se-organiza.jpg 853w, http:\/\/www.rincondelbulla.cl\/portal\/wp-content\/uploads\/2017\/12\/cuando-la-barra-se-organiza-150x150.jpg 150w, http:\/\/www.rincondelbulla.cl\/portal\/wp-content\/uploads\/2017\/12\/cuando-la-barra-se-organiza-300x300.jpg 300w, http:\/\/www.rincondelbulla.cl\/portal\/wp-content\/uploads\/2017\/12\/cuando-la-barra-se-organiza-768x768.jpg 768w, http:\/\/www.rincondelbulla.cl\/portal\/wp-content\/uploads\/2017\/12\/cuando-la-barra-se-organiza-696x696.jpg 696w, http:\/\/www.rincondelbulla.cl\/portal\/wp-content\/uploads\/2017\/12\/cuando-la-barra-se-organiza-420x420.jpg 420w\" sizes=\"auto, (max-width: 853px) 100vw, 853px\" \/><figcaption id=\"caption-attachment-13420\" class=\"wp-caption-text\">Otra de las tandas salidas que han preparado Los de Abajo durante este a\u00f1o, est\u00e1 corresponde a las \u00faltimas fechas del transici\u00f3n<\/figcaption><\/figure>\n<p><strong>Hoy el cuadro m\u00e1gico comienza su camino en el Torneo 2018 y es por eso que la Barra Los de Abajo hace una invitaci\u00f3n a los presentes en esta tarde en el Nacional para el duelo ante la Uni\u00f3n Espa\u00f1ola, esperando que esto se prolongue por todo el torneo.<\/strong><\/p>\n<p>\u00abEste domingo comenzamos de local el campeonato nacional y queremos recibir a la U con el carnaval que s\u00f3lo hacen Los de Abajo.<\/p>\n<p>En la cancha nadie sobra, todos podemos colaborar muy f\u00e1cilmente. Recuerda:<\/p>\n<p>-El himno se canta sin muletillas.<\/p>\n<p>-Los rollos de papel se tir\u00e1n a la cancha cuando entra el equipo, no antes, ni despu\u00e9s.<\/p>\n<p>-Apoya la baja de las banderas gigantes durante el partido y sobretodo al final.<\/p>\n<p>-Las banderas con tubo de PVC son para flamearlas todo el partido. Si se cansa, aseg\u00farese que alguien lo haga.<\/p>\n<p>Al final del partido debe entregarlas en el t\u00fanel y no llev\u00e1rselas.<\/p>\n<p>-No tapar nunca el lienzo oficial, ni colas piernas, ni con otros lienzos.<\/p>\n<p>-Cuidar los estandartes con la vida y no estar encima, ni empujar a los m\u00fasicos de La Banda de la Chile.<\/p>\n<p>-Guardar tu celular. Hay que cantar para ganar, ac\u00e1 se aguanta los 90 y el doble si vamos perdiendo.<\/p>\n<p>-Anda a la cancha siempre con tu camiseta azul y nunca con la de otros equipos.<\/p>\n<p>-Respeta siempre a los camaradas y protege a la familia azul en la ida y vuelta del estadio\u00bb.<\/p>\n<p><iframe loading=\"lazy\" style=\"border: none; overflow: hidden;\" src=\"https:\/\/www.facebook.com\/plugins\/video.php?href=https%3A%2F%2Fwww.facebook.com%2F797276570353200%2Fvideos%2F1605975922816590%2F&amp;show_text=0&amp;width=560\" width=\"560\" height=\"308\" frameborder=\"0\" scrolling=\"no\" allowfullscreen=\"allowfullscreen\"><\/iframe><\/p>\n<p>Adem\u00e1s hoy se invita a asistir con un globo azul para realizar el minuto de silencio en memoria a los ni\u00f1os de la escuela de Colo Colo que fallecieron en Mendoza en el tr\u00e1gico accidente y por Sophia,\u00a0la lactante de un a\u00f1o y once meses que muri\u00f3 por abusos y maltratos de parte de su padre en el sur.<br \/>\n<img loading=\"lazy\" decoding=\"async\" class=\"alignleft size-full wp-image-13770\" src=\"http:\/\/www.rincondelbulla.cl\/portal\/wp-content\/uploads\/2018\/02\/Lucaton.jpg\" alt=\"\" width=\"1200\" height=\"817\" srcset=\"http:\/\/www.rincondelbulla.cl\/portal\/wp-content\/uploads\/2018\/02\/Lucaton.jpg 1200w, http:\/\/www.rincondelbulla.cl\/portal\/wp-content\/uploads\/2018\/02\/Lucaton-300x204.jpg 300w, http:\/\/www.rincondelbulla.cl\/portal\/wp-content\/uploads\/2018\/02\/Lucaton-768x523.jpg 768w, http:\/\/www.rincondelbulla.cl\/portal\/wp-content\/uploads\/2018\/02\/Lucaton-696x474.jpg 696w, http:\/\/www.rincondelbulla.cl\/portal\/wp-content\/uploads\/2018\/02\/Lucaton-1068x727.jpg 1068w, http:\/\/www.rincondelbulla.cl\/portal\/wp-content\/uploads\/2018\/02\/Lucaton-617x420.jpg 617w\" sizes=\"auto, (max-width: 1200px) 100vw, 1200px\" \/><\/p>\n<p>Este domingo adem\u00e1s estar\u00e1n en la previa, en la puerta 14, recibiendo aportes de mil pesos en una nueva modalidad de aporte.<\/p>\n<p><strong>Lucat\u00f3n por la autogesti\u00f3n de la hinchada.<\/strong><\/p>\n<p>Los que aporten, se les regalar\u00e1n stickers con el primer equipo campe\u00f3n del club en 1940.<\/p>\n<p>De todas maneras, si tienen menos de eso en dinero, todo aporte ser\u00e1 bien recibido por la barra.<\/p>\n<p>Adem\u00e1s de la presencia como siempre del Le\u00f3n, qui\u00e9n estar\u00e1 fotografiandose con los peque\u00f1os de la hinchada.<\/p>\n<p>Es decir, est\u00e1 todo listo para vivir la fiesta en el Nacional.<\/p>\n<p>#VuelvoBullaVuelvo<\/p>\n","protected":false},"excerpt":{"rendered":"<p>Hoy el cuadro m\u00e1gico comienza su camino en el Torneo 2018 y es por eso que la Barra Los de Abajo hace una invitaci\u00f3n a los presentes en esta tarde en el Nacional para el duelo ante la Uni\u00f3n Espa\u00f1ola, esperando que esto se prolongue por todo el torneo. \u00abEste domingo comenzamos de local el [&#8230;]<\/p>\n","protected":false},"author":21395,"featured_media":11818,"comment_status":"closed","ping_status":"open","sticky":false,"template":"","format":"standard","meta":{"footnotes":""},"categories":[1],"tags":[454,1116,1195,102,156],"class_list":{"0":"post-13769","1":"post","2":"type-post","3":"status-publish","4":"format-standard","5":"has-post-thumbnail","7":"category-sin-categoria","8":"tag-actualidad","9":"tag-cuadro-magico","10":"tag-hinchada-azul","11":"tag-los-de-abajo","12":"tag-universidad-de-chile"},"_links":{"self":[{"href":"http:\/\/www.rincondelbulla.cl\/portal\/wp-json\/wp\/v2\/posts\/13769","targetHints":{"allow":["GET"]}}],"collection":[{"href":"http:\/\/www.rincondelbulla.cl\/portal\/wp-json\/wp\/v2\/posts"}],"about":[{"href":"http:\/\/www.rincondelbulla.cl\/portal\/wp-json\/wp\/v2\/types\/post"}],"author":[{"embeddable":true,"href":"http:\/\/www.rincondelbulla.cl\/portal\/wp-json\/wp\/v2\/users\/21395"}],"replies":[{"embeddable":true,"href":"http:\/\/www.rincondelbulla.cl\/portal\/wp-json\/wp\/v2\/comments?post=13769"}],"version-history":[{"count":2,"href":"http:\/\/www.rincondelbulla.cl\/portal\/wp-json\/wp\/v2\/posts\/13769\/revisions"}],"predecessor-version":[{"id":13772,"href":"http:\/\/www.rincondelbulla.cl\/portal\/wp-json\/wp\/v2\/posts\/13769\/revisions\/13772"}],"wp:featuredmedia":[{"embeddable":true,"href":"http:\/\/www.rincondelbulla.cl\/portal\/wp-json\/wp\/v2\/media\/11818"}],"wp:attachment":[{"href":"http:\/\/www.rincondelbulla.cl\/portal\/wp-json\/wp\/v2\/media?parent=13769"}],"wp:term":[{"taxonomy":"category","embeddable":true,"href":"http:\/\/www.rincondelbulla.cl\/portal\/wp-json\/wp\/v2\/categories?post=13769"},{"taxonomy":"post_tag","embeddable":true,"href":"http:\/\/www.rincondelbulla.cl\/portal\/wp-json\/wp\/v2\/tags?post=13769"}],"curies":[{"name":"wp","href":"https:\/\/api.w.org\/{rel}","templated":true}]}}