{"id":13857,"date":"2018-02-11T11:58:13","date_gmt":"2018-02-11T14:58:13","guid":{"rendered":"http:\/\/www.rincondelbulla.cl\/portal\/?p=13857"},"modified":"2018-02-11T11:58:13","modified_gmt":"2018-02-11T14:58:13","slug":"pinilla-y-la-expulsion-de-echeverria-fue-una-baja-importante","status":"publish","type":"post","link":"http:\/\/www.rincondelbulla.cl\/portal\/2018\/02\/11\/pinilla-y-la-expulsion-de-echeverria-fue-una-baja-importante\/","title":{"rendered":"Pinilla y la expulsi\u00f3n de Echeverr\u00eda: \u00abFue una baja importante\u00bb"},"content":{"rendered":"<figure id=\"attachment_13859\" aria-describedby=\"caption-attachment-13859\" style=\"width: 1243px\" class=\"wp-caption aligncenter\"><img loading=\"lazy\" decoding=\"async\" class=\"size-full wp-image-13859\" src=\"http:\/\/www.rincondelbulla.cl\/portal\/wp-content\/uploads\/2018\/02\/Mauricio-Pinilla-Post-Iquique.jpg\" alt=\"\" width=\"1243\" height=\"700\" srcset=\"http:\/\/www.rincondelbulla.cl\/portal\/wp-content\/uploads\/2018\/02\/Mauricio-Pinilla-Post-Iquique.jpg 1243w, http:\/\/www.rincondelbulla.cl\/portal\/wp-content\/uploads\/2018\/02\/Mauricio-Pinilla-Post-Iquique-300x169.jpg 300w, http:\/\/www.rincondelbulla.cl\/portal\/wp-content\/uploads\/2018\/02\/Mauricio-Pinilla-Post-Iquique-768x433.jpg 768w, http:\/\/www.rincondelbulla.cl\/portal\/wp-content\/uploads\/2018\/02\/Mauricio-Pinilla-Post-Iquique-1200x676.jpg 1200w, http:\/\/www.rincondelbulla.cl\/portal\/wp-content\/uploads\/2018\/02\/Mauricio-Pinilla-Post-Iquique-696x392.jpg 696w, http:\/\/www.rincondelbulla.cl\/portal\/wp-content\/uploads\/2018\/02\/Mauricio-Pinilla-Post-Iquique-1068x601.jpg 1068w, http:\/\/www.rincondelbulla.cl\/portal\/wp-content\/uploads\/2018\/02\/Mauricio-Pinilla-Post-Iquique-746x420.jpg 746w\" sizes=\"auto, (max-width: 1243px) 100vw, 1243px\" \/><figcaption id=\"caption-attachment-13859\" class=\"wp-caption-text\">Fotograf\u00eda: Nicol\u00e1s Vald\u00e9s<\/figcaption><\/figure>\n<p>Tras el duelo ganado ante Iquique, los jugadores se dieron el tiempo tomarse fotograf\u00edas y firmar cuando aut\u00f3grafo le pidieron a los hinchas. Mauricio Pinilla habl\u00f3 con los medios.<\/p>\n<p>Hubo cambio de esquemas, expulsados y goles, de todo ello habl\u00f3 Pinigol.<\/p>\n<p>Respecto a la dolorosa expulsi\u00f3n de Echeverr\u00eda, se refieri\u00f3 el delanterio y dijo que:\u00a0\u00ab<strong>Ven\u00eda jugando espectacular, es un gran muchacho, un trabajador que hizo un gran papel.<\/strong>\u00a0Qued\u00f3 expuesto, pero el reglamento dice que deb\u00eda ser expulsado. Fue una baja importante\u00bb.<\/p>\n<p>\u00abSeguramente con 11 jugadores hubiera tenido un transcurso muy diferente, porque igual marcamos un gol\u00bb, sigui\u00f3 reflexionando Mauricio.<\/p>\n<p>Del duelo en general, reconoce que es un gran golpe an\u00edmico:\u00a0\u00abSicol\u00f3giamente fuimos muy fuertes y nos encontramos con un hermoso tirunfo, muy sacrificado.\u00a0Hicimos un gran primer tiempo, movimos la pelota de lado a lado e hicimos el f\u00fatbol que la gente quer\u00eda\u00bb.<\/p>\n<p>Respecto a la llegada de Rafael Vaz, mantuvo la l\u00ednea de todos los jugadores que se han referido al tema: \u00abSer\u00e1 un aporte importante. Bienvenido ac\u00e1, le abriremos las puertas del camar\u00edn\u00bb.<\/p>\n<p>&nbsp;<\/p>\n","protected":false},"excerpt":{"rendered":"<p>Tras el duelo ganado ante Iquique, los jugadores se dieron el tiempo tomarse fotograf\u00edas y firmar cuando aut\u00f3grafo le pidieron a los hinchas. Mauricio Pinilla habl\u00f3 con los medios. Hubo cambio de esquemas, expulsados y goles, de todo ello habl\u00f3 Pinigol. Respecto a la dolorosa expulsi\u00f3n de Echeverr\u00eda, se refieri\u00f3 el delanterio y dijo que:\u00a0\u00abVen\u00eda [&#8230;]<\/p>\n","protected":false},"author":21395,"featured_media":13859,"comment_status":"closed","ping_status":"open","sticky":false,"template":"","format":"standard","meta":{"footnotes":""},"categories":[18],"tags":[454,1116,631,1374,156],"class_list":{"0":"post-13857","1":"post","2":"type-post","3":"status-publish","4":"format-standard","5":"has-post-thumbnail","7":"category-actualidad","8":"tag-actualidad","9":"tag-cuadro-magico","10":"tag-mauricio-pinilla","11":"tag-torneo-2018","12":"tag-universidad-de-chile"},"_links":{"self":[{"href":"http:\/\/www.rincondelbulla.cl\/portal\/wp-json\/wp\/v2\/posts\/13857","targetHints":{"allow":["GET"]}}],"collection":[{"href":"http:\/\/www.rincondelbulla.cl\/portal\/wp-json\/wp\/v2\/posts"}],"about":[{"href":"http:\/\/www.rincondelbulla.cl\/portal\/wp-json\/wp\/v2\/types\/post"}],"author":[{"embeddable":true,"href":"http:\/\/www.rincondelbulla.cl\/portal\/wp-json\/wp\/v2\/users\/21395"}],"replies":[{"embeddable":true,"href":"http:\/\/www.rincondelbulla.cl\/portal\/wp-json\/wp\/v2\/comments?post=13857"}],"version-history":[{"count":2,"href":"http:\/\/www.rincondelbulla.cl\/portal\/wp-json\/wp\/v2\/posts\/13857\/revisions"}],"predecessor-version":[{"id":13860,"href":"http:\/\/www.rincondelbulla.cl\/portal\/wp-json\/wp\/v2\/posts\/13857\/revisions\/13860"}],"wp:featuredmedia":[{"embeddable":true,"href":"http:\/\/www.rincondelbulla.cl\/portal\/wp-json\/wp\/v2\/media\/13859"}],"wp:attachment":[{"href":"http:\/\/www.rincondelbulla.cl\/portal\/wp-json\/wp\/v2\/media?parent=13857"}],"wp:term":[{"taxonomy":"category","embeddable":true,"href":"http:\/\/www.rincondelbulla.cl\/portal\/wp-json\/wp\/v2\/categories?post=13857"},{"taxonomy":"post_tag","embeddable":true,"href":"http:\/\/www.rincondelbulla.cl\/portal\/wp-json\/wp\/v2\/tags?post=13857"}],"curies":[{"name":"wp","href":"https:\/\/api.w.org\/{rel}","templated":true}]}}