{"id":13895,"date":"2018-02-19T22:45:59","date_gmt":"2018-02-20T01:45:59","guid":{"rendered":"http:\/\/www.rincondelbulla.cl\/portal\/?p=13895"},"modified":"2018-02-19T23:01:24","modified_gmt":"2018-02-20T02:01:24","slug":"rafael-vaz-ya-puede-debutar-en-universidad-de-chile","status":"publish","type":"post","link":"http:\/\/www.rincondelbulla.cl\/portal\/2018\/02\/19\/rafael-vaz-ya-puede-debutar-en-universidad-de-chile\/","title":{"rendered":"Rafael Vaz ya puede debutar en Universidad de Chile"},"content":{"rendered":"<p><img loading=\"lazy\" decoding=\"async\" class=\"aligncenter size-full wp-image-13956\" src=\"http:\/\/www.rincondelbulla.cl\/portal\/wp-content\/uploads\/2018\/02\/Rafael-Vaz-1.jpg\" alt=\"\" width=\"900\" height=\"600\" srcset=\"http:\/\/www.rincondelbulla.cl\/portal\/wp-content\/uploads\/2018\/02\/Rafael-Vaz-1.jpg 900w, http:\/\/www.rincondelbulla.cl\/portal\/wp-content\/uploads\/2018\/02\/Rafael-Vaz-1-300x200.jpg 300w, http:\/\/www.rincondelbulla.cl\/portal\/wp-content\/uploads\/2018\/02\/Rafael-Vaz-1-768x512.jpg 768w, http:\/\/www.rincondelbulla.cl\/portal\/wp-content\/uploads\/2018\/02\/Rafael-Vaz-1-696x464.jpg 696w, http:\/\/www.rincondelbulla.cl\/portal\/wp-content\/uploads\/2018\/02\/Rafael-Vaz-1-630x420.jpg 630w\" sizes=\"auto, (max-width: 900px) 100vw, 900px\" \/><\/p>\n<p><strong>El defensor brasile\u00f1o Rafael Vaz est\u00e1 a completa disposici\u00f3n del entrenador \u00c1ngel Guillermo Hoyos para debutar el pr\u00f3ximo fin de semana con la casaquilla de Universidad de Chile, en la visita a Deportes Temuco, luego de la llegada al pa\u00eds del Certificado de Transferencia Internacional (CTI).\u00a0<\/strong><\/p>\n<p>El pase del zaguero ya se encuentra en Santiago, por lo que el estreno del jugador de los registros del Flamengo se concretar\u00eda este domingo 25 de febrero en el Estadio \u2018Germ\u00e1n Becker\u2019 por la cuarta fecha del Campeonato Nacional 2018.<\/p>\n<p>Lo m\u00e1s probable es que Vaz sea alternativa en la Novena Regi\u00f3n, debido al buen rendimiento que present\u00f3 el pasado viernes la l\u00ednea de tres conformada por Christian Vilches, Gonzalo Jara y Alejandro Contreras en la victoria 3-0 sobre San Luis en el Estadio Nacional.<\/p>\n<p>Adem\u00e1s, Hoyos podr\u00eda contar para alinear en la \u00faltima l\u00ednea a Rodrigo Echeverr\u00eda, quien cumpli\u00f3 con la fecha de suspensi\u00f3n tras la tarjeta roja que recibi\u00f3 en el pleito ante Deportes Iquique en Calama.<\/p>\n<p>Hoyos tendr\u00e1 que ver si coloca al Brasile\u00f1o de titular o desde el 2do tiempo.<\/p>\n","protected":false},"excerpt":{"rendered":"<p>El defensor brasile\u00f1o Rafael Vaz est\u00e1 a completa disposici\u00f3n del entrenador \u00c1ngel Guillermo Hoyos para debutar el pr\u00f3ximo fin de semana con la casaquilla de Universidad de Chile, en la visita a Deportes Temuco, luego de la llegada al pa\u00eds del Certificado de Transferencia Internacional (CTI).\u00a0 El pase del zaguero ya se encuentra en Santiago, [&#8230;]<\/p>\n","protected":false},"author":21396,"featured_media":13956,"comment_status":"closed","ping_status":"open","sticky":false,"template":"","format":"standard","meta":{"footnotes":""},"categories":[18],"tags":[454,1385,156],"class_list":{"0":"post-13895","1":"post","2":"type-post","3":"status-publish","4":"format-standard","5":"has-post-thumbnail","7":"category-actualidad","8":"tag-actualidad","9":"tag-rafael-vaz","10":"tag-universidad-de-chile"},"_links":{"self":[{"href":"http:\/\/www.rincondelbulla.cl\/portal\/wp-json\/wp\/v2\/posts\/13895","targetHints":{"allow":["GET"]}}],"collection":[{"href":"http:\/\/www.rincondelbulla.cl\/portal\/wp-json\/wp\/v2\/posts"}],"about":[{"href":"http:\/\/www.rincondelbulla.cl\/portal\/wp-json\/wp\/v2\/types\/post"}],"author":[{"embeddable":true,"href":"http:\/\/www.rincondelbulla.cl\/portal\/wp-json\/wp\/v2\/users\/21396"}],"replies":[{"embeddable":true,"href":"http:\/\/www.rincondelbulla.cl\/portal\/wp-json\/wp\/v2\/comments?post=13895"}],"version-history":[{"count":3,"href":"http:\/\/www.rincondelbulla.cl\/portal\/wp-json\/wp\/v2\/posts\/13895\/revisions"}],"predecessor-version":[{"id":13962,"href":"http:\/\/www.rincondelbulla.cl\/portal\/wp-json\/wp\/v2\/posts\/13895\/revisions\/13962"}],"wp:featuredmedia":[{"embeddable":true,"href":"http:\/\/www.rincondelbulla.cl\/portal\/wp-json\/wp\/v2\/media\/13956"}],"wp:attachment":[{"href":"http:\/\/www.rincondelbulla.cl\/portal\/wp-json\/wp\/v2\/media?parent=13895"}],"wp:term":[{"taxonomy":"category","embeddable":true,"href":"http:\/\/www.rincondelbulla.cl\/portal\/wp-json\/wp\/v2\/categories?post=13895"},{"taxonomy":"post_tag","embeddable":true,"href":"http:\/\/www.rincondelbulla.cl\/portal\/wp-json\/wp\/v2\/tags?post=13895"}],"curies":[{"name":"wp","href":"https:\/\/api.w.org\/{rel}","templated":true}]}}