{"id":13896,"date":"2018-02-15T17:54:06","date_gmt":"2018-02-15T20:54:06","guid":{"rendered":"http:\/\/www.rincondelbulla.cl\/portal\/?p=13896"},"modified":"2018-02-15T17:54:06","modified_gmt":"2018-02-15T20:54:06","slug":"ronald-fuentes-y-su-relacion-con-hoyos-podemos-tener-diferentes-opiniones","status":"publish","type":"post","link":"http:\/\/www.rincondelbulla.cl\/portal\/2018\/02\/15\/ronald-fuentes-y-su-relacion-con-hoyos-podemos-tener-diferentes-opiniones\/","title":{"rendered":"Ronald Fuentes y su relaci\u00f3n con Hoyos: \u00abPodemos tener diferentes opiniones\u00bb"},"content":{"rendered":"<figure id=\"attachment_13347\" aria-describedby=\"caption-attachment-13347\" style=\"width: 1040px\" class=\"wp-caption aligncenter\"><img loading=\"lazy\" decoding=\"async\" class=\"size-full wp-image-13347\" src=\"http:\/\/www.rincondelbulla.cl\/portal\/wp-content\/uploads\/2017\/12\/Ronald-Fuentes-CDA.jpg\" alt=\"\" width=\"1040\" height=\"585\" srcset=\"http:\/\/www.rincondelbulla.cl\/portal\/wp-content\/uploads\/2017\/12\/Ronald-Fuentes-CDA.jpg 1040w, http:\/\/www.rincondelbulla.cl\/portal\/wp-content\/uploads\/2017\/12\/Ronald-Fuentes-CDA-300x169.jpg 300w, http:\/\/www.rincondelbulla.cl\/portal\/wp-content\/uploads\/2017\/12\/Ronald-Fuentes-CDA-768x432.jpg 768w, http:\/\/www.rincondelbulla.cl\/portal\/wp-content\/uploads\/2017\/12\/Ronald-Fuentes-CDA-696x392.jpg 696w, http:\/\/www.rincondelbulla.cl\/portal\/wp-content\/uploads\/2017\/12\/Ronald-Fuentes-CDA-747x420.jpg 747w\" sizes=\"auto, (max-width: 1040px) 100vw, 1040px\" \/><figcaption id=\"caption-attachment-13347\" class=\"wp-caption-text\">Fotograf\u00eda: Leonardo Mora<\/figcaption><\/figure>\n<p><strong>Ronald Fuentes habl\u00f3 sobre el momento que vive Universidad de Chile, sus desaf\u00edos y la inversi\u00f3n del club por el plantel.\u00a0<\/strong><\/p>\n<p>Pese a que se ha especulado que la relaci\u00f3n del DT Guillermo Hoyos y Ronald Fuentes este \u00faltimo afirmo a Cooperativa que \u00ab<span style=\"font-weight: 400\">La relaci\u00f3n con Hoyos es de respeto. Tenemos comunicaci\u00f3n constante<\/span>. Podemos tener diferentes opiniones.<span style=\"font-weight: 400\">\u00a0No hay quiebres ni enemistad como dicen por ah\u00ed<\/span>. Hay una\u00a0<span style=\"font-weight: 400\">buena relaci\u00f3n profesional<\/span>, como debe tener un gerente deportivo con un t\u00e9cnico\u00bb.<\/p>\n<p>En relaci\u00f3n al equipo 2018 indic\u00f3 que hoyos necesitaba un defensa\u00a0\u00abPor eso hicimos el esfuerzo por Rafael Vaz. Fuimos capaces de completar la parte econ\u00f3mica, porque\u00a0no era un jugador de un equipo menor<i>\u00ab. <\/i>Reci\u00e9n este mi\u00e9rcoles, firm\u00f3 contrato, pero no podr\u00e1 debutar ante San Luis, porque, seg\u00fan inform\u00f3 Fuentes,\u00a0<span style=\"font-weight: 400\">este jueves realizar\u00e1n los tr\u00e1mites con la ANFP para<\/span><span style=\"font-weight: 400\"> conseguir, desde Flamengo, la liberaci\u00f3n del jugador.<\/span><\/p>\n<p><span style=\"font-weight: 400\">Sobre el fichaje del paname\u00f1o Armando Cooper se contrato con la finalidad de tener un plantel definido\u00a0<\/span><b>\u00ab<\/b><span style=\"font-weight: 400\">Lo importante es que Guillermo est\u00e9 contento con el plantel que tiene<\/span>\u00ab, agreg\u00f3 el dirigente.<\/p>\n<p>Fuentes destac\u00f3 la inversi\u00f3n de otros equipos <span style=\"font-weight: 400\">\u00abhay muchos clubes sudamericanos que no pagan\u00bb\u00a0<\/span>a diferencia de los chilenos.<\/p>\n<p>\u00abNosotros queremos ser responsables, somos una instituci\u00f3n grande.\u00a0<span style=\"font-weight: 400\">No queremos enga\u00f1ar a los jugadores<\/span>\u00a0y que despu\u00e9s est\u00e9n reclamando porque no se les pag\u00f3. Realmente hicimos un gran esfuerzo e invertimos hartas &#8216;lucas&#8217; en las contrataciones\u00bb.<\/p>\n<p>Finalmente indic\u00f3 \u00ab<span style=\"font-weight: 400\">nosotros no estamos dispuestos a gastar 15 millones de d\u00f3lares en un jugador<\/span>, porque no tenemos los recursos. Pero tambi\u00e9n confiamos en el plantel y\u00a0<span style=\"font-weight: 400\">sabemos que dar\u00e1n m\u00e1s del cien por ciento para competir en la Copa Libertadores<\/span>\u00ab.<\/p>\n<p>&nbsp;<\/p>\n","protected":false},"excerpt":{"rendered":"<p>Ronald Fuentes habl\u00f3 sobre el momento que vive Universidad de Chile, sus desaf\u00edos y la inversi\u00f3n del club por el plantel.\u00a0 Pese a que se ha especulado que la relaci\u00f3n del DT Guillermo Hoyos y Ronald Fuentes este \u00faltimo afirmo a Cooperativa que \u00abLa relaci\u00f3n con Hoyos es de respeto. Tenemos comunicaci\u00f3n constante. Podemos tener [&#8230;]<\/p>\n","protected":false},"author":21396,"featured_media":13734,"comment_status":"closed","ping_status":"open","sticky":false,"template":"","format":"standard","meta":{"footnotes":""},"categories":[18],"tags":[454,174,1116,480,156],"class_list":{"0":"post-13896","1":"post","2":"type-post","3":"status-publish","4":"format-standard","5":"has-post-thumbnail","7":"category-actualidad","8":"tag-actualidad","9":"tag-azul-azul","10":"tag-cuadro-magico","11":"tag-ronald-fuentes","12":"tag-universidad-de-chile"},"_links":{"self":[{"href":"http:\/\/www.rincondelbulla.cl\/portal\/wp-json\/wp\/v2\/posts\/13896","targetHints":{"allow":["GET"]}}],"collection":[{"href":"http:\/\/www.rincondelbulla.cl\/portal\/wp-json\/wp\/v2\/posts"}],"about":[{"href":"http:\/\/www.rincondelbulla.cl\/portal\/wp-json\/wp\/v2\/types\/post"}],"author":[{"embeddable":true,"href":"http:\/\/www.rincondelbulla.cl\/portal\/wp-json\/wp\/v2\/users\/21396"}],"replies":[{"embeddable":true,"href":"http:\/\/www.rincondelbulla.cl\/portal\/wp-json\/wp\/v2\/comments?post=13896"}],"version-history":[{"count":1,"href":"http:\/\/www.rincondelbulla.cl\/portal\/wp-json\/wp\/v2\/posts\/13896\/revisions"}],"predecessor-version":[{"id":13897,"href":"http:\/\/www.rincondelbulla.cl\/portal\/wp-json\/wp\/v2\/posts\/13896\/revisions\/13897"}],"wp:featuredmedia":[{"embeddable":true,"href":"http:\/\/www.rincondelbulla.cl\/portal\/wp-json\/wp\/v2\/media\/13734"}],"wp:attachment":[{"href":"http:\/\/www.rincondelbulla.cl\/portal\/wp-json\/wp\/v2\/media?parent=13896"}],"wp:term":[{"taxonomy":"category","embeddable":true,"href":"http:\/\/www.rincondelbulla.cl\/portal\/wp-json\/wp\/v2\/categories?post=13896"},{"taxonomy":"post_tag","embeddable":true,"href":"http:\/\/www.rincondelbulla.cl\/portal\/wp-json\/wp\/v2\/tags?post=13896"}],"curies":[{"name":"wp","href":"https:\/\/api.w.org\/{rel}","templated":true}]}}