{"id":13932,"date":"2018-02-19T13:05:16","date_gmt":"2018-02-19T16:05:16","guid":{"rendered":"http:\/\/www.rincondelbulla.cl\/portal\/?p=13932"},"modified":"2018-02-19T13:28:56","modified_gmt":"2018-02-19T16:28:56","slug":"lo-que-no-vimos-en-el-triunfo-de-la-u-ante-san-luis","status":"publish","type":"post","link":"http:\/\/www.rincondelbulla.cl\/portal\/2018\/02\/19\/lo-que-no-vimos-en-el-triunfo-de-la-u-ante-san-luis\/","title":{"rendered":"Lo que no vimos en el triunfo de la U ante San Luis"},"content":{"rendered":"<p>&nbsp;<\/p>\n<p><img loading=\"lazy\" decoding=\"async\" class=\"aligncenter size-full wp-image-13946\" src=\"http:\/\/www.rincondelbulla.cl\/portal\/wp-content\/uploads\/2018\/02\/rivarola.jpeg\" alt=\"\" width=\"1280\" height=\"960\" srcset=\"http:\/\/www.rincondelbulla.cl\/portal\/wp-content\/uploads\/2018\/02\/rivarola.jpeg 1280w, http:\/\/www.rincondelbulla.cl\/portal\/wp-content\/uploads\/2018\/02\/rivarola-300x225.jpeg 300w, http:\/\/www.rincondelbulla.cl\/portal\/wp-content\/uploads\/2018\/02\/rivarola-768x576.jpeg 768w, http:\/\/www.rincondelbulla.cl\/portal\/wp-content\/uploads\/2018\/02\/rivarola-1200x900.jpeg 1200w, http:\/\/www.rincondelbulla.cl\/portal\/wp-content\/uploads\/2018\/02\/rivarola-80x60.jpeg 80w, http:\/\/www.rincondelbulla.cl\/portal\/wp-content\/uploads\/2018\/02\/rivarola-265x198.jpeg 265w, http:\/\/www.rincondelbulla.cl\/portal\/wp-content\/uploads\/2018\/02\/rivarola-696x522.jpeg 696w, http:\/\/www.rincondelbulla.cl\/portal\/wp-content\/uploads\/2018\/02\/rivarola-1068x801.jpeg 1068w, http:\/\/www.rincondelbulla.cl\/portal\/wp-content\/uploads\/2018\/02\/rivarola-560x420.jpeg 560w\" sizes=\"auto, (max-width: 1280px) 100vw, 1280px\" \/><\/p>\n<p><strong>Vuelve el din\u00e1mico \u00abLado B\u00bb, esta vez del triunfo del triunfo azul ante San Luis. Rivarola de reportero, hinchas sin agua en el ba\u00f1o, eso y mucho m\u00e1s a continuaci\u00f3n.<\/strong><!--more-->Una situaci\u00f3n ins\u00f3lita se vivi\u00f3 en el entretiempo del duelo del pasado viernes. Los hinchas que se ubicaban en el sector de la puerta 12 fueron a refrescarse a los ba\u00f1os, encontr\u00e1ndose con la desagradable sorpresa que no hab\u00eda agua, o en su defecto y un peque\u00f1o e irrisorio chorro sal\u00eda de las llaves. Algo indigno para una hinchada que no ha fallado y que paga por un espect\u00e1culo, tir\u00f3n de oreja para la organizaci\u00f3n y es de esperar que esto no vuelva a ocurrir.<img loading=\"lazy\" decoding=\"async\" class=\"aligncenter wp-image-13933\" src=\"http:\/\/www.rincondelbulla.cl\/portal\/wp-content\/uploads\/2018\/02\/agua.jpg\" alt=\"\" width=\"455\" height=\"281\" \/><\/p>\n<p>El clan Soteldo no encontraba lugar. El partido ya hab\u00eda comenzado y la familia del \u00abpeque\u00f1o\u00bb venezolano llegaba a \u00d1u\u00f1oa con la idea de ver uno de los mejores partidos del llanero, sin embargo, estuvieron varios minutos dando vueltas, buscando un espacio, finalmente lograron sentarse y vibrar con cada jugada que el \u00abPablo Marmol\u00bb de la U brind\u00f3 a la tribuna.<\/p>\n<p><img loading=\"lazy\" decoding=\"async\" class=\"aligncenter wp-image-13948\" src=\"http:\/\/www.rincondelbulla.cl\/portal\/wp-content\/uploads\/2018\/02\/Soteldo-familia.jpg\" alt=\"\" width=\"492\" height=\"294\" \/>\u00abLos Pizarros\u00bb, se emocionaron con el gol de PEK. La U dominaba en todo el terreno de juego, David se transformaba en quien marcaba los tiempos en el medio campo azul, mientras el meta de San Luis se transformaba en figura. Hasta que lleg\u00f3 el momento so\u00f1ado para \u00e9ly su hinchada m\u00e1s \u00edntima. Pantalla de \u00abPinigol\u00bb, el \u00abFantasista\u00bb afina punter\u00eda en un peque\u00f1o rinc\u00f3n, remata y el bal\u00f3n se cuela donde el meta no tienen ninguna posibilidad de llegar. El 8 de la U festeja con su tradicional cueca, y sorprende luego con su rodilla al suelo y el \u00edndice al cielo. Mientras en tribuna, su familia goza con este gol, se abrazan, gritan corean el gol que sentenci\u00f3 el partido en favor del Rom\u00e1ntico viajero.<\/p>\n<p><img loading=\"lazy\" decoding=\"async\" class=\"aligncenter wp-image-13947\" src=\"http:\/\/www.rincondelbulla.cl\/portal\/wp-content\/uploads\/2018\/02\/Familia-Pizarro-festejando.jpg\" alt=\"\" width=\"466\" height=\"262\" srcset=\"http:\/\/www.rincondelbulla.cl\/portal\/wp-content\/uploads\/2018\/02\/Familia-Pizarro-festejando.jpg 1152w, http:\/\/www.rincondelbulla.cl\/portal\/wp-content\/uploads\/2018\/02\/Familia-Pizarro-festejando-300x169.jpg 300w, http:\/\/www.rincondelbulla.cl\/portal\/wp-content\/uploads\/2018\/02\/Familia-Pizarro-festejando-768x432.jpg 768w, http:\/\/www.rincondelbulla.cl\/portal\/wp-content\/uploads\/2018\/02\/Familia-Pizarro-festejando-696x392.jpg 696w, http:\/\/www.rincondelbulla.cl\/portal\/wp-content\/uploads\/2018\/02\/Familia-Pizarro-festejando-1068x601.jpg 1068w, http:\/\/www.rincondelbulla.cl\/portal\/wp-content\/uploads\/2018\/02\/Familia-Pizarro-festejando-747x420.jpg 747w\" sizes=\"auto, (max-width: 466px) 100vw, 466px\" \/><\/p>\n<p>El ex capit\u00e1n azul, Jos\u00e9 Rojas, llegaba al nacional para asumir este mismo rol en un equipo diferente a la U. El Pepe provoc\u00f3 la inmediata reacci\u00f3n de los hinchas que gritaban su nombre. Sin embargo los momentos m\u00e1s emotivos, se vivieron en el inicio del duelo, cuando se fotografi\u00f3 junto a Johnny Herrera y la terna de jueces. Con el partido ya finalizado, y saboreando la derrota de su equipo, Rojas se fue de la cancha con el homenaje de gran parte del estadio que coreaba el m\u00edtico:\u00a0<em>\u00abPepe, Pepe querido, Los de Abajo, Jam\u00e1s te olvidar\u00e1n\u00bb.<\/em><\/p>\n<p><img loading=\"lazy\" decoding=\"async\" class=\"aligncenter wp-image-13949\" src=\"http:\/\/www.rincondelbulla.cl\/portal\/wp-content\/uploads\/2018\/02\/pepe.jpg\" alt=\"\" width=\"495\" height=\"330\" srcset=\"http:\/\/www.rincondelbulla.cl\/portal\/wp-content\/uploads\/2018\/02\/pepe.jpg 960w, http:\/\/www.rincondelbulla.cl\/portal\/wp-content\/uploads\/2018\/02\/pepe-300x200.jpg 300w, http:\/\/www.rincondelbulla.cl\/portal\/wp-content\/uploads\/2018\/02\/pepe-768x512.jpg 768w, http:\/\/www.rincondelbulla.cl\/portal\/wp-content\/uploads\/2018\/02\/pepe-696x464.jpg 696w, http:\/\/www.rincondelbulla.cl\/portal\/wp-content\/uploads\/2018\/02\/pepe-630x420.jpg 630w\" sizes=\"auto, (max-width: 495px) 100vw, 495px\" \/><\/p>\n","protected":false},"excerpt":{"rendered":"<p>&nbsp; Vuelve el din\u00e1mico \u00abLado B\u00bb, esta vez del triunfo del triunfo azul ante San Luis. Rivarola de reportero, hinchas sin agua en el ba\u00f1o, eso y mucho m\u00e1s a continuaci\u00f3n.<\/p>\n","protected":false},"author":56,"featured_media":13946,"comment_status":"closed","ping_status":"open","sticky":false,"template":"","format":"standard","meta":{"footnotes":""},"categories":[18],"tags":[1395,102,228,156],"class_list":{"0":"post-13932","1":"post","2":"type-post","3":"status-publish","4":"format-standard","5":"has-post-thumbnail","7":"category-actualidad","8":"tag-el-lado-b","9":"tag-los-de-abajo","10":"tag-rincon-del-bulla","11":"tag-universidad-de-chile"},"_links":{"self":[{"href":"http:\/\/www.rincondelbulla.cl\/portal\/wp-json\/wp\/v2\/posts\/13932","targetHints":{"allow":["GET"]}}],"collection":[{"href":"http:\/\/www.rincondelbulla.cl\/portal\/wp-json\/wp\/v2\/posts"}],"about":[{"href":"http:\/\/www.rincondelbulla.cl\/portal\/wp-json\/wp\/v2\/types\/post"}],"author":[{"embeddable":true,"href":"http:\/\/www.rincondelbulla.cl\/portal\/wp-json\/wp\/v2\/users\/56"}],"replies":[{"embeddable":true,"href":"http:\/\/www.rincondelbulla.cl\/portal\/wp-json\/wp\/v2\/comments?post=13932"}],"version-history":[{"count":4,"href":"http:\/\/www.rincondelbulla.cl\/portal\/wp-json\/wp\/v2\/posts\/13932\/revisions"}],"predecessor-version":[{"id":13953,"href":"http:\/\/www.rincondelbulla.cl\/portal\/wp-json\/wp\/v2\/posts\/13932\/revisions\/13953"}],"wp:featuredmedia":[{"embeddable":true,"href":"http:\/\/www.rincondelbulla.cl\/portal\/wp-json\/wp\/v2\/media\/13946"}],"wp:attachment":[{"href":"http:\/\/www.rincondelbulla.cl\/portal\/wp-json\/wp\/v2\/media?parent=13932"}],"wp:term":[{"taxonomy":"category","embeddable":true,"href":"http:\/\/www.rincondelbulla.cl\/portal\/wp-json\/wp\/v2\/categories?post=13932"},{"taxonomy":"post_tag","embeddable":true,"href":"http:\/\/www.rincondelbulla.cl\/portal\/wp-json\/wp\/v2\/tags?post=13932"}],"curies":[{"name":"wp","href":"https:\/\/api.w.org\/{rel}","templated":true}]}}