{"id":13958,"date":"2018-02-19T22:58:02","date_gmt":"2018-02-20T01:58:02","guid":{"rendered":"http:\/\/www.rincondelbulla.cl\/portal\/?p=13958"},"modified":"2018-02-19T22:58:02","modified_gmt":"2018-02-20T01:58:02","slug":"ayudemos-a-pluto-contreras","status":"publish","type":"post","link":"http:\/\/www.rincondelbulla.cl\/portal\/2018\/02\/19\/ayudemos-a-pluto-contreras\/","title":{"rendered":"Ayudemos a Pluto Contreras"},"content":{"rendered":"<p><img loading=\"lazy\" decoding=\"async\" class=\"aligncenter size-full wp-image-13960\" src=\"http:\/\/www.rincondelbulla.cl\/portal\/wp-content\/uploads\/2018\/02\/Pluto-840x420-1.jpg\" alt=\"\" width=\"1400\" height=\"700\" srcset=\"http:\/\/www.rincondelbulla.cl\/portal\/wp-content\/uploads\/2018\/02\/Pluto-840x420-1.jpg 1400w, http:\/\/www.rincondelbulla.cl\/portal\/wp-content\/uploads\/2018\/02\/Pluto-840x420-1-300x150.jpg 300w, http:\/\/www.rincondelbulla.cl\/portal\/wp-content\/uploads\/2018\/02\/Pluto-840x420-1-768x384.jpg 768w, http:\/\/www.rincondelbulla.cl\/portal\/wp-content\/uploads\/2018\/02\/Pluto-840x420-1-1200x600.jpg 1200w, http:\/\/www.rincondelbulla.cl\/portal\/wp-content\/uploads\/2018\/02\/Pluto-840x420-1-696x348.jpg 696w, http:\/\/www.rincondelbulla.cl\/portal\/wp-content\/uploads\/2018\/02\/Pluto-840x420-1-1068x534.jpg 1068w, http:\/\/www.rincondelbulla.cl\/portal\/wp-content\/uploads\/2018\/02\/Pluto-840x420-1-840x420.jpg 840w\" sizes=\"auto, (max-width: 1400px) 100vw, 1400px\" \/><\/p>\n<p><strong>Algo que se sab\u00eda hace mucho tiempo, pero por estos d\u00edas desde la U quisieron hacer algo concreto: Ayudar a Carlos Contreras.<\/strong><\/p>\n<p>Diego Rivarola, en representaci\u00f3n de la Corporaci\u00f3n M\u00e1s All\u00e1 del Horizonte, visitaron al hist\u00f3rico defensor, quien lamentablemente est\u00e1 aquejado por problemas de salud.<\/p>\n<p>Por lo mismo,\u00a0con la intenci\u00f3n de ayudar al inolvidable \u201cPluto\u201d, se decidi\u00f3 organizar una cena ben\u00e9fica el pr\u00f3ximo 6 de marzo, que contar\u00e1 con la presencia de hist\u00f3ricos azules de todos los tiempos.<\/p>\n<p>en los pr\u00f3ximos d\u00edas Universidad de Chile entregar\u00e1 detalles de como se realizar\u00e1 dicha actividad.<\/p>\n","protected":false},"excerpt":{"rendered":"<p>Algo que se sab\u00eda hace mucho tiempo, pero por estos d\u00edas desde la U quisieron hacer algo concreto: Ayudar a Carlos Contreras. Diego Rivarola, en representaci\u00f3n de la Corporaci\u00f3n M\u00e1s All\u00e1 del Horizonte, visitaron al hist\u00f3rico defensor, quien lamentablemente est\u00e1 aquejado por problemas de salud. Por lo mismo,\u00a0con la intenci\u00f3n de ayudar al inolvidable \u201cPluto\u201d, [&#8230;]<\/p>\n","protected":false},"author":21398,"featured_media":13959,"comment_status":"closed","ping_status":"open","sticky":false,"template":"","format":"standard","meta":{"footnotes":""},"categories":[18],"tags":[454,1396,1399,1398,1397,156],"class_list":{"0":"post-13958","1":"post","2":"type-post","3":"status-publish","4":"format-standard","5":"has-post-thumbnail","7":"category-actualidad","8":"tag-actualidad","9":"tag-carlos-contreras","10":"tag-corporacion-mas-alla-del-horizonte","11":"tag-historico","12":"tag-pluto-contreras","13":"tag-universidad-de-chile"},"_links":{"self":[{"href":"http:\/\/www.rincondelbulla.cl\/portal\/wp-json\/wp\/v2\/posts\/13958","targetHints":{"allow":["GET"]}}],"collection":[{"href":"http:\/\/www.rincondelbulla.cl\/portal\/wp-json\/wp\/v2\/posts"}],"about":[{"href":"http:\/\/www.rincondelbulla.cl\/portal\/wp-json\/wp\/v2\/types\/post"}],"author":[{"embeddable":true,"href":"http:\/\/www.rincondelbulla.cl\/portal\/wp-json\/wp\/v2\/users\/21398"}],"replies":[{"embeddable":true,"href":"http:\/\/www.rincondelbulla.cl\/portal\/wp-json\/wp\/v2\/comments?post=13958"}],"version-history":[{"count":1,"href":"http:\/\/www.rincondelbulla.cl\/portal\/wp-json\/wp\/v2\/posts\/13958\/revisions"}],"predecessor-version":[{"id":13961,"href":"http:\/\/www.rincondelbulla.cl\/portal\/wp-json\/wp\/v2\/posts\/13958\/revisions\/13961"}],"wp:featuredmedia":[{"embeddable":true,"href":"http:\/\/www.rincondelbulla.cl\/portal\/wp-json\/wp\/v2\/media\/13959"}],"wp:attachment":[{"href":"http:\/\/www.rincondelbulla.cl\/portal\/wp-json\/wp\/v2\/media?parent=13958"}],"wp:term":[{"taxonomy":"category","embeddable":true,"href":"http:\/\/www.rincondelbulla.cl\/portal\/wp-json\/wp\/v2\/categories?post=13958"},{"taxonomy":"post_tag","embeddable":true,"href":"http:\/\/www.rincondelbulla.cl\/portal\/wp-json\/wp\/v2\/tags?post=13958"}],"curies":[{"name":"wp","href":"https:\/\/api.w.org\/{rel}","templated":true}]}}