{"id":13964,"date":"2018-02-20T18:46:55","date_gmt":"2018-02-20T21:46:55","guid":{"rendered":"http:\/\/www.rincondelbulla.cl\/portal\/?p=13964"},"modified":"2018-02-20T18:46:55","modified_gmt":"2018-02-20T21:46:55","slug":"rodriguez-voy-de-menos-a-mas","status":"publish","type":"post","link":"http:\/\/www.rincondelbulla.cl\/portal\/2018\/02\/20\/rodriguez-voy-de-menos-a-mas\/","title":{"rendered":"Rodr\u00edguez: \u00abVoy de menos a m\u00e1s\u00bb"},"content":{"rendered":"<figure id=\"attachment_13966\" aria-describedby=\"caption-attachment-13966\" style=\"width: 1280px\" class=\"wp-caption alignnone\"><img loading=\"lazy\" decoding=\"async\" class=\"wp-image-13966 size-full\" src=\"http:\/\/www.rincondelbulla.cl\/portal\/wp-content\/uploads\/2018\/02\/Rodriguez-CDA-Febrero.jpg\" alt=\"\" width=\"1280\" height=\"711\" srcset=\"http:\/\/www.rincondelbulla.cl\/portal\/wp-content\/uploads\/2018\/02\/Rodriguez-CDA-Febrero.jpg 1280w, http:\/\/www.rincondelbulla.cl\/portal\/wp-content\/uploads\/2018\/02\/Rodriguez-CDA-Febrero-300x167.jpg 300w, http:\/\/www.rincondelbulla.cl\/portal\/wp-content\/uploads\/2018\/02\/Rodriguez-CDA-Febrero-768x427.jpg 768w, http:\/\/www.rincondelbulla.cl\/portal\/wp-content\/uploads\/2018\/02\/Rodriguez-CDA-Febrero-1200x667.jpg 1200w, http:\/\/www.rincondelbulla.cl\/portal\/wp-content\/uploads\/2018\/02\/Rodriguez-CDA-Febrero-696x387.jpg 696w, http:\/\/www.rincondelbulla.cl\/portal\/wp-content\/uploads\/2018\/02\/Rodriguez-CDA-Febrero-1068x593.jpg 1068w, http:\/\/www.rincondelbulla.cl\/portal\/wp-content\/uploads\/2018\/02\/Rodriguez-CDA-Febrero-756x420.jpg 756w\" sizes=\"auto, (max-width: 1280px) 100vw, 1280px\" \/><figcaption id=\"caption-attachment-13966\" class=\"wp-caption-text\">Fotograf\u00eda: Cristian Tejo<\/figcaption><\/figure>\n<p><strong>Mat\u00edas Rodr\u00edguez asegur\u00f3 que el plantel azul cuenta con las armas y las ganas suficientes para superar con \u00e9xito la fase grupal de la Copa Libertadores, adem\u00e1s habl\u00f3 de su rendimiento en el equipo.<\/strong><\/p>\n<p>Consultado por la disputa del certamen continental para la \u2018U\u2019, cuyo debut est\u00e1 fijado para el 13 de marzo con el ganador de la llave entre Jorge Wilstermann y Vasco da Gama, el argentino declar\u00f3 que \u00abes un grupo muy dif\u00edcil, son equipos coperos, que est\u00e1n jugando cada tres o cuatro d\u00edas a intensidades altas. Nosotros vamos a dejar todo por clasificar y llegar a lo m\u00e1s alto. Lo principal es pasar y despu\u00e9s ir partido a partido, mata y mata\u00bb.<\/p>\n<p>Incluso, se\u00f1al\u00f3 que la U cuenta con una plantilla capaz de llegar a las fases finales. \u00abUno est\u00e1 ilusionado con el plantel que hay, somos 32 y todos estamos en condiciones de jugar. Gracias a Dios tenemos equipo para afrontar las dos competencias, y estamos ilusionados en hacer una muy buena copa\u00bb, indic\u00f3.<\/p>\n<p>Por otro lado, Rodr\u00edguez destac\u00f3 el movimiento t\u00e1ctico realizado por \u00c1ngel Guillermo Hoyos de pasar de una l\u00ednea de cuatro a tres en defensa. Tras esta modificaci\u00f3n, la \u2018U\u2019 ha ganado en v\u00e9rtigo y ha sumado dos triunfos en l\u00ednea, sobre Deportes Iquique y San Luis.<\/p>\n<p>\u00abPerdimos el primer partido, pero bueno, tenemos la revancha al poco tiempo y ten\u00edamos que levantar. Influy\u00f3 el cambio de esquema, que le acomod\u00f3 a la defensa. Jean Beausejour y yo pod\u00edamos ir m\u00e1s adelante, no quedaban mal parados mal atr\u00e1s. Siempre es bueno que la defensa est\u00e9 c\u00f3moda y ese fue un cambio fundamental que tuvimos\u00bb, expres\u00f3.<\/p>\n<p>Tambi\u00e9n respondi\u00f3 a las cr\u00edticas por su nivel de juego que ha tenido en el cuadro m\u00e1gico \u00abVoy de menos a m\u00e1s\u00bb, esboz\u00f3 el 6.<\/p>\n<audio class=\"wp-audio-shortcode\" id=\"audio-13964-1\" preload=\"none\" style=\"width: 100%;\" controls=\"controls\"><source type=\"audio\/mpeg\" src=\"http:\/\/www.rincondelbulla.cl\/portal\/wp-content\/uploads\/2018\/02\/UCH-Matias-Rodriguez-Evaluacion-de-rendimiento-personal.mp3?_=1\" \/><a href=\"http:\/\/www.rincondelbulla.cl\/portal\/wp-content\/uploads\/2018\/02\/UCH-Matias-Rodriguez-Evaluacion-de-rendimiento-personal.mp3\">http:\/\/www.rincondelbulla.cl\/portal\/wp-content\/uploads\/2018\/02\/UCH-Matias-Rodriguez-Evaluacion-de-rendimiento-personal.mp3<\/a><\/audio>\n<p>Por \u00faltimo, el lateral se refiri\u00f3 a su futuro en la \u2018U\u2019, ya que a mediados de a\u00f1o finaliza su contrato. \u00abNo hay nada cerrado hasta el momento. Estoy tranquilo y quiero disfrutar los cuatro meses de contrato que me quedan y despu\u00e9s se pueda llegar a un arreglo. Siempre y cuando el club quiera que yo siga. De mi parte, est\u00e1 el s\u00ed siempre\u00bb, finaliz\u00f3.<\/p>\n","protected":false},"excerpt":{"rendered":"<p>Mat\u00edas Rodr\u00edguez asegur\u00f3 que el plantel azul cuenta con las armas y las ganas suficientes para superar con \u00e9xito la fase grupal de la Copa Libertadores, adem\u00e1s habl\u00f3 de su rendimiento en el equipo. Consultado por la disputa del certamen continental para la \u2018U\u2019, cuyo debut est\u00e1 fijado para el 13 de marzo con el [&#8230;]<\/p>\n","protected":false},"author":21397,"featured_media":13966,"comment_status":"closed","ping_status":"open","sticky":false,"template":"","format":"standard","meta":{"footnotes":""},"categories":[18],"tags":[454,65,156],"class_list":{"0":"post-13964","1":"post","2":"type-post","3":"status-publish","4":"format-standard","5":"has-post-thumbnail","7":"category-actualidad","8":"tag-actualidad","9":"tag-matias-rodriguez","10":"tag-universidad-de-chile"},"_links":{"self":[{"href":"http:\/\/www.rincondelbulla.cl\/portal\/wp-json\/wp\/v2\/posts\/13964","targetHints":{"allow":["GET"]}}],"collection":[{"href":"http:\/\/www.rincondelbulla.cl\/portal\/wp-json\/wp\/v2\/posts"}],"about":[{"href":"http:\/\/www.rincondelbulla.cl\/portal\/wp-json\/wp\/v2\/types\/post"}],"author":[{"embeddable":true,"href":"http:\/\/www.rincondelbulla.cl\/portal\/wp-json\/wp\/v2\/users\/21397"}],"replies":[{"embeddable":true,"href":"http:\/\/www.rincondelbulla.cl\/portal\/wp-json\/wp\/v2\/comments?post=13964"}],"version-history":[{"count":1,"href":"http:\/\/www.rincondelbulla.cl\/portal\/wp-json\/wp\/v2\/posts\/13964\/revisions"}],"predecessor-version":[{"id":13967,"href":"http:\/\/www.rincondelbulla.cl\/portal\/wp-json\/wp\/v2\/posts\/13964\/revisions\/13967"}],"wp:featuredmedia":[{"embeddable":true,"href":"http:\/\/www.rincondelbulla.cl\/portal\/wp-json\/wp\/v2\/media\/13966"}],"wp:attachment":[{"href":"http:\/\/www.rincondelbulla.cl\/portal\/wp-json\/wp\/v2\/media?parent=13964"}],"wp:term":[{"taxonomy":"category","embeddable":true,"href":"http:\/\/www.rincondelbulla.cl\/portal\/wp-json\/wp\/v2\/categories?post=13964"},{"taxonomy":"post_tag","embeddable":true,"href":"http:\/\/www.rincondelbulla.cl\/portal\/wp-json\/wp\/v2\/tags?post=13964"}],"curies":[{"name":"wp","href":"https:\/\/api.w.org\/{rel}","templated":true}]}}