{"id":14012,"date":"2018-02-23T17:20:47","date_gmt":"2018-02-23T20:20:47","guid":{"rendered":"http:\/\/www.rincondelbulla.cl\/portal\/?p=14012"},"modified":"2018-02-23T17:21:52","modified_gmt":"2018-02-23T20:21:52","slug":"ni-santa-laura-ni-calama-en-collao","status":"publish","type":"post","link":"http:\/\/www.rincondelbulla.cl\/portal\/2018\/02\/23\/ni-santa-laura-ni-calama-en-collao\/","title":{"rendered":"Ni Santa Laura, Ni Calama \u00a1En Collao!"},"content":{"rendered":"<figure id=\"attachment_13347\" aria-describedby=\"caption-attachment-13347\" style=\"width: 1040px\" class=\"wp-caption aligncenter\"><img loading=\"lazy\" decoding=\"async\" class=\"size-full wp-image-13347\" src=\"http:\/\/www.rincondelbulla.cl\/portal\/wp-content\/uploads\/2017\/12\/Ronald-Fuentes-CDA.jpg\" alt=\"\" width=\"1040\" height=\"585\" srcset=\"http:\/\/www.rincondelbulla.cl\/portal\/wp-content\/uploads\/2017\/12\/Ronald-Fuentes-CDA.jpg 1040w, http:\/\/www.rincondelbulla.cl\/portal\/wp-content\/uploads\/2017\/12\/Ronald-Fuentes-CDA-300x169.jpg 300w, http:\/\/www.rincondelbulla.cl\/portal\/wp-content\/uploads\/2017\/12\/Ronald-Fuentes-CDA-768x432.jpg 768w, http:\/\/www.rincondelbulla.cl\/portal\/wp-content\/uploads\/2017\/12\/Ronald-Fuentes-CDA-696x392.jpg 696w, http:\/\/www.rincondelbulla.cl\/portal\/wp-content\/uploads\/2017\/12\/Ronald-Fuentes-CDA-747x420.jpg 747w\" sizes=\"auto, (max-width: 1040px) 100vw, 1040px\" \/><figcaption id=\"caption-attachment-13347\" class=\"wp-caption-text\">Fotograf\u00eda: Leonardo Mora<\/figcaption><\/figure>\n<p><strong>Ronald Fuentes nuevamente sali\u00f3 al paso ante las dudas de donde podr\u00eda jugar la U en caso de no poder usar el estadio Nacional.<\/strong><\/p>\n<p>El gerente deportivo de la U, Ronald Fuentes, descart\u00f3 se que juegue de local en Calama para la Libertadores, pues en la inscripci\u00f3n de estadios que se hizo en diciembre se inscribi\u00f3 el Nacional y el Ester Roa de Concepci\u00f3n.<\/p>\n<audio class=\"wp-audio-shortcode\" id=\"audio-14012-1\" preload=\"none\" style=\"width: 100%;\" controls=\"controls\"><source type=\"audio\/mpeg\" src=\"http:\/\/www.rincondelbulla.cl\/portal\/wp-content\/uploads\/2018\/02\/CU-UCH-Ronald-Fuentes-No-hay-posibilidad-de-jugar-en-Calama-.mp3?_=1\" \/><a href=\"http:\/\/www.rincondelbulla.cl\/portal\/wp-content\/uploads\/2018\/02\/CU-UCH-Ronald-Fuentes-No-hay-posibilidad-de-jugar-en-Calama-.mp3\">http:\/\/www.rincondelbulla.cl\/portal\/wp-content\/uploads\/2018\/02\/CU-UCH-Ronald-Fuentes-No-hay-posibilidad-de-jugar-en-Calama-.mp3<\/a><\/audio>\n","protected":false},"excerpt":{"rendered":"<p>Ronald Fuentes nuevamente sali\u00f3 al paso ante las dudas de donde podr\u00eda jugar la U en caso de no poder usar el estadio Nacional. El gerente deportivo de la U, Ronald Fuentes, descart\u00f3 se que juegue de local en Calama para la Libertadores, pues en la inscripci\u00f3n de estadios que se hizo en diciembre se [&#8230;]<\/p>\n","protected":false},"author":21398,"featured_media":13347,"comment_status":"closed","ping_status":"open","sticky":false,"template":"","format":"standard","meta":{"footnotes":""},"categories":[18],"tags":[454,480,156],"class_list":{"0":"post-14012","1":"post","2":"type-post","3":"status-publish","4":"format-standard","5":"has-post-thumbnail","7":"category-actualidad","8":"tag-actualidad","9":"tag-ronald-fuentes","10":"tag-universidad-de-chile"},"_links":{"self":[{"href":"http:\/\/www.rincondelbulla.cl\/portal\/wp-json\/wp\/v2\/posts\/14012","targetHints":{"allow":["GET"]}}],"collection":[{"href":"http:\/\/www.rincondelbulla.cl\/portal\/wp-json\/wp\/v2\/posts"}],"about":[{"href":"http:\/\/www.rincondelbulla.cl\/portal\/wp-json\/wp\/v2\/types\/post"}],"author":[{"embeddable":true,"href":"http:\/\/www.rincondelbulla.cl\/portal\/wp-json\/wp\/v2\/users\/21398"}],"replies":[{"embeddable":true,"href":"http:\/\/www.rincondelbulla.cl\/portal\/wp-json\/wp\/v2\/comments?post=14012"}],"version-history":[{"count":2,"href":"http:\/\/www.rincondelbulla.cl\/portal\/wp-json\/wp\/v2\/posts\/14012\/revisions"}],"predecessor-version":[{"id":14015,"href":"http:\/\/www.rincondelbulla.cl\/portal\/wp-json\/wp\/v2\/posts\/14012\/revisions\/14015"}],"wp:featuredmedia":[{"embeddable":true,"href":"http:\/\/www.rincondelbulla.cl\/portal\/wp-json\/wp\/v2\/media\/13347"}],"wp:attachment":[{"href":"http:\/\/www.rincondelbulla.cl\/portal\/wp-json\/wp\/v2\/media?parent=14012"}],"wp:term":[{"taxonomy":"category","embeddable":true,"href":"http:\/\/www.rincondelbulla.cl\/portal\/wp-json\/wp\/v2\/categories?post=14012"},{"taxonomy":"post_tag","embeddable":true,"href":"http:\/\/www.rincondelbulla.cl\/portal\/wp-json\/wp\/v2\/tags?post=14012"}],"curies":[{"name":"wp","href":"https:\/\/api.w.org\/{rel}","templated":true}]}}