{"id":14048,"date":"2018-03-02T15:19:05","date_gmt":"2018-03-02T18:19:05","guid":{"rendered":"http:\/\/www.rincondelbulla.cl\/portal\/?p=14048"},"modified":"2018-03-02T15:19:05","modified_gmt":"2018-03-02T18:19:05","slug":"hoyos-y-el-duelo-con-antofagasta-son-partidos-muy-duros-con-ellos","status":"publish","type":"post","link":"http:\/\/www.rincondelbulla.cl\/portal\/2018\/03\/02\/hoyos-y-el-duelo-con-antofagasta-son-partidos-muy-duros-con-ellos\/","title":{"rendered":"Hoyos y el duelo con Antofagasta: \u00abSon partidos muy duros con ellos\u00bb"},"content":{"rendered":"<p><img loading=\"lazy\" decoding=\"async\" class=\"aligncenter size-full wp-image-13625\" src=\"http:\/\/www.rincondelbulla.cl\/portal\/wp-content\/uploads\/2018\/01\/Hoyos-CDA-enero.jpg\" alt=\"\" width=\"1215\" height=\"700\" srcset=\"http:\/\/www.rincondelbulla.cl\/portal\/wp-content\/uploads\/2018\/01\/Hoyos-CDA-enero.jpg 1215w, http:\/\/www.rincondelbulla.cl\/portal\/wp-content\/uploads\/2018\/01\/Hoyos-CDA-enero-300x173.jpg 300w, http:\/\/www.rincondelbulla.cl\/portal\/wp-content\/uploads\/2018\/01\/Hoyos-CDA-enero-768x442.jpg 768w, http:\/\/www.rincondelbulla.cl\/portal\/wp-content\/uploads\/2018\/01\/Hoyos-CDA-enero-1200x691.jpg 1200w, http:\/\/www.rincondelbulla.cl\/portal\/wp-content\/uploads\/2018\/01\/Hoyos-CDA-enero-696x401.jpg 696w, http:\/\/www.rincondelbulla.cl\/portal\/wp-content\/uploads\/2018\/01\/Hoyos-CDA-enero-1068x615.jpg 1068w, http:\/\/www.rincondelbulla.cl\/portal\/wp-content\/uploads\/2018\/01\/Hoyos-CDA-enero-729x420.jpg 729w\" sizes=\"auto, (max-width: 1215px) 100vw, 1215px\" \/><\/p>\n<p><strong>Guillermo Hoyos, anticip\u00f3 en la presente jornada lo que ser\u00e1 el cruce de este domingo ante Deportes Antofagasta, por la quinta fecha del Campeonato Nacional 2018, y se refiri\u00f3 a las opciones del cuadro azul en una Copa Libertadores con \u201cunos niveles muy altos en lo competitivo\u201d.<\/strong><\/p>\n<p>El elenco colegial es el actual subl\u00edder en el torneo local con nueve puntos, a tres del puntero Universidad Cat\u00f3lica, por lo que asoma como una obligaci\u00f3n derrotar a los \u2018Pumas\u2019 en el Estadio Nacional.<\/p>\n<p>\u00abVeo un partido dif\u00edcil en todas las acciones. Antofagasta mantiene una base de jugadores, ha hecho incorporaciones adelante, pero tiene un parecido estilo. No han cambiado pr\u00e1cticamente nada. Son partidos muy duros con ellos, hiperintensos. Nos hemos preparado mental y f\u00edsicamente\u00bb, expres\u00f3 Hoyos de rueda de prensa.<\/p>\n<p>Adem\u00e1s, descart\u00f3 de plano que el choque con los nortinos lo tome como un ensayo para el debut en Copa Libertadores, el 13 de marzo ante Vasco da Gama en R\u00edo de Janeiro.<\/p>\n<p>\u00abNo manejo la terminolog\u00eda de ensayar. No lo har\u00e9, s\u00ed observar\u00e9 y ver\u00e9 lo que es mejor para el equipo y en el margen de error, tratar de equivocarse lo menos posible\u00bb, apunt\u00f3.<\/p>\n<p>En cuanto a las chances de su escuadra en la presente edici\u00f3n de la Libertadores indic\u00f3 que \u00abUniversidad de Chile despierta esa pasi\u00f3n misma que te lleva a jugar a una Copa Libertadores, con unos niveles altos en lo competitivo, por el grupo que nos toc\u00f3 y los rivales, por la historia de la Copa Libertadores\u00bb.<\/p>\n<p>\u00abLa de hoy es la que tiene m\u00e1s campeones de todos los tiempos. Se juntan muchos campeones. Es una de las Copas Libertadores m\u00e1s dif\u00edciles que hay. Como jugador ser\u00eda un honor para los dos lados, representar al club que me lleva a la selecci\u00f3n y a la selecci\u00f3n donde naci\u00f3 cada uno\u00bb, a\u00f1adi\u00f3.<\/p>\n<p>En la misma l\u00ednea, Hoyos se\u00f1al\u00f3 que \u00abtengo fe que las cosas saldr\u00e1n bien, y no solamente para nosotros, tambi\u00e9n para los otros equipos chilenos. Cat\u00f3lica hizo (el a\u00f1o pasado) una buena Copa Libertadores a mi entender y qued\u00f3 fuera por poco, le toc\u00f3 un grupo muy dif\u00edcil\u00bb, indic\u00f3.<\/p>\n<p>Por \u00faltimo, el t\u00e9cnico azul asegur\u00f3 que el brasile\u00f1o Rafael Vaz podr\u00eda jugar en el debut copero, debido a que Gonzalo Jara est\u00e1 suspendido. \u00abLa situaci\u00f3n de Gonza (Jara) para la Copa Libertadores, a nivel internacional, se puede abrir la posibilidad para Rafael Vaz, pero veremos, porque (Alejandro) Contreras est\u00e1 muy bien\u00bb, sentenci\u00f3.<\/p>\n","protected":false},"excerpt":{"rendered":"<p>Guillermo Hoyos, anticip\u00f3 en la presente jornada lo que ser\u00e1 el cruce de este domingo ante Deportes Antofagasta, por la quinta fecha del Campeonato Nacional 2018, y se refiri\u00f3 a las opciones del cuadro azul en una Copa Libertadores con \u201cunos niveles muy altos en lo competitivo\u201d. El elenco colegial es el actual subl\u00edder en [&#8230;]<\/p>\n","protected":false},"author":21398,"featured_media":13214,"comment_status":"closed","ping_status":"open","sticky":false,"template":"","format":"standard","meta":{"footnotes":""},"categories":[18],"tags":[454,128,1116,1239,1006,1374,156],"class_list":{"0":"post-14048","1":"post","2":"type-post","3":"status-publish","4":"format-standard","5":"has-post-thumbnail","7":"category-actualidad","8":"tag-actualidad","9":"tag-copa-libertadores","10":"tag-cuadro-magico","11":"tag-deportes-antofagasta","12":"tag-guillermo-hoyos","13":"tag-torneo-2018","14":"tag-universidad-de-chile"},"_links":{"self":[{"href":"http:\/\/www.rincondelbulla.cl\/portal\/wp-json\/wp\/v2\/posts\/14048","targetHints":{"allow":["GET"]}}],"collection":[{"href":"http:\/\/www.rincondelbulla.cl\/portal\/wp-json\/wp\/v2\/posts"}],"about":[{"href":"http:\/\/www.rincondelbulla.cl\/portal\/wp-json\/wp\/v2\/types\/post"}],"author":[{"embeddable":true,"href":"http:\/\/www.rincondelbulla.cl\/portal\/wp-json\/wp\/v2\/users\/21398"}],"replies":[{"embeddable":true,"href":"http:\/\/www.rincondelbulla.cl\/portal\/wp-json\/wp\/v2\/comments?post=14048"}],"version-history":[{"count":1,"href":"http:\/\/www.rincondelbulla.cl\/portal\/wp-json\/wp\/v2\/posts\/14048\/revisions"}],"predecessor-version":[{"id":14049,"href":"http:\/\/www.rincondelbulla.cl\/portal\/wp-json\/wp\/v2\/posts\/14048\/revisions\/14049"}],"wp:featuredmedia":[{"embeddable":true,"href":"http:\/\/www.rincondelbulla.cl\/portal\/wp-json\/wp\/v2\/media\/13214"}],"wp:attachment":[{"href":"http:\/\/www.rincondelbulla.cl\/portal\/wp-json\/wp\/v2\/media?parent=14048"}],"wp:term":[{"taxonomy":"category","embeddable":true,"href":"http:\/\/www.rincondelbulla.cl\/portal\/wp-json\/wp\/v2\/categories?post=14048"},{"taxonomy":"post_tag","embeddable":true,"href":"http:\/\/www.rincondelbulla.cl\/portal\/wp-json\/wp\/v2\/tags?post=14048"}],"curies":[{"name":"wp","href":"https:\/\/api.w.org\/{rel}","templated":true}]}}