{"id":14072,"date":"2018-03-05T19:45:09","date_gmt":"2018-03-05T22:45:09","guid":{"rendered":"http:\/\/www.rincondelbulla.cl\/portal\/?p=14072"},"modified":"2018-03-08T11:27:41","modified_gmt":"2018-03-08T14:27:41","slug":"marca-personal-la-defensa-se-entiende-mejor","status":"publish","type":"post","link":"http:\/\/www.rincondelbulla.cl\/portal\/2018\/03\/05\/marca-personal-la-defensa-se-entiende-mejor\/","title":{"rendered":"Marca Personal: La defensa se entiende mejor"},"content":{"rendered":"<figure id=\"attachment_14073\" aria-describedby=\"caption-attachment-14073\" style=\"width: 4519px\" class=\"wp-caption alignnone\"><img loading=\"lazy\" decoding=\"async\" class=\"size-full wp-image-14073\" src=\"http:\/\/www.rincondelbulla.cl\/portal\/wp-content\/uploads\/2018\/03\/PS_165350.jpg\" alt=\"\" width=\"4519\" height=\"3012\" srcset=\"http:\/\/www.rincondelbulla.cl\/portal\/wp-content\/uploads\/2018\/03\/PS_165350.jpg 4519w, http:\/\/www.rincondelbulla.cl\/portal\/wp-content\/uploads\/2018\/03\/PS_165350-300x200.jpg 300w, http:\/\/www.rincondelbulla.cl\/portal\/wp-content\/uploads\/2018\/03\/PS_165350-768x512.jpg 768w, http:\/\/www.rincondelbulla.cl\/portal\/wp-content\/uploads\/2018\/03\/PS_165350-1200x800.jpg 1200w, http:\/\/www.rincondelbulla.cl\/portal\/wp-content\/uploads\/2018\/03\/PS_165350-696x464.jpg 696w, http:\/\/www.rincondelbulla.cl\/portal\/wp-content\/uploads\/2018\/03\/PS_165350-1068x712.jpg 1068w, http:\/\/www.rincondelbulla.cl\/portal\/wp-content\/uploads\/2018\/03\/PS_165350-630x420.jpg 630w\" sizes=\"auto, (max-width: 4519px) 100vw, 4519px\" \/><figcaption id=\"caption-attachment-14073\" class=\"wp-caption-text\"><br \/>Javier Torres\/Photosport<\/figcaption><\/figure>\n<p><strong>Otra jornada de f\u00fatbol, otro triunfo para la \u00abU\u00bb y un nuevo \u00abUno por Uno\u00bb en el equipo de Hoyos.<\/strong><\/p>\n<p><strong>Johnny Herrera:\u00a0<\/strong>Todos los partidos salva al menos una clara, este no fue la excepci\u00f3n. Gigante el Samur\u00e1i.<\/p>\n<p><strong>Christian Vilches:<\/strong> Cada vez tiene menos errores y se afiata bien a la l\u00ednea de tres. Tuvo una tarjeta amarilla totalmente evitable en la mitad de la cancha.<\/p>\n<p><strong>Rodrigo Echeverr\u00eda:<\/strong> Al fin tiene el puesto que tanto merec\u00eda, es el colch\u00f3n defensivo cada vez que uno de sus compa\u00f1eros pierde la marca.<\/p>\n<p><strong>Gonzalo Jara:<\/strong> Segundo partido que muestra el nivel esperado. Con su experiencia es capaz de liderar la zona defensiva.<\/p>\n<p><strong>Lorenzo Reyes<\/strong>: Simplemente crack, quita y sale jugando con clase, por algo mientras usted lee esto, \u00e9l est\u00e1 en la selecci\u00f3n.<\/p>\n<p><strong>Franz Schultz:<\/strong> Se siente bien por la banda derecha, aunque tiende a centralizarse al no ser la m\u00e1s ocupada por el ataque.<\/p>\n<p><strong>Jean Beousejour<\/strong>: El alza del equipo es generalizada y se refleja en \u00e9l. Se asoci\u00f3 muy bien con Soteldo y no descans\u00f3 en tratar de desbordar y generar peligro.<\/p>\n<p><strong>David Pizarro (3)<\/strong>: Estuvo en todos lados de la cancha pidiendo, entregando y ordenando. Un t\u00e9cnico dentro del rect\u00e1ngulo.<\/p>\n<p><strong>Yeferson Soteldo (2):<\/strong>\u00a1Paciencia muchacho! Cada vez que toma el bal\u00f3n se le ve con mucha ansiedad y ganas de entrar al \u00e1rea rival. con su nivel las cosas ya saldr\u00e1n.<\/p>\n<p><strong>Nicol\u00e1s Guerra (1)<\/strong>: Se las ingenia para estar en todos los frentes del ataque, aunque ayer fue neutralizado por la defensa. Ser\u00e1 muy doloroso no tenerlo, pero la selecci\u00f3n lo requiere.<\/p>\n<p><strong>Mauricio Pinilla:<\/strong> No era un partido f\u00e1cil, era un d\u00eda complicado para Pinigol, pero como s\u00f3lo los goleadores saben hacerlo, rindi\u00f3 un homenaje mandando la pelota al fondo de la red con un esplendido cabezazo.<\/p>\n<p>CAMBIOS<\/p>\n<p><strong>\u00c1ngelo Araos (1):<\/strong> Menos de diez minutos le valieron para demostrar que es una alternativa real para el ataque. Se mand\u00f3 un golazo de aquellos.<\/p>\n<p><strong>Isaac D\u00edaz (2):<\/strong> Debe sumar minutos en cancha.<\/p>\n<p><strong>Rafael Caroca (3):<\/strong> No alcanz\u00f3 a jugar.<\/p>\n<p>&nbsp;<\/p>\n","protected":false},"excerpt":{"rendered":"<p>Otra jornada de f\u00fatbol, otro triunfo para la \u00abU\u00bb y un nuevo \u00abUno por Uno\u00bb en el equipo de Hoyos. Johnny Herrera:\u00a0Todos los partidos salva al menos una clara, este no fue la excepci\u00f3n. Gigante el Samur\u00e1i. Christian Vilches: Cada vez tiene menos errores y se afiata bien a la l\u00ednea de tres. Tuvo una [&#8230;]<\/p>\n","protected":false},"author":21398,"featured_media":14074,"comment_status":"closed","ping_status":"open","sticky":false,"template":"","format":"standard","meta":{"footnotes":""},"categories":[18],"tags":[454,365,111,43,631,294],"class_list":{"0":"post-14072","1":"post","2":"type-post","3":"status-publish","4":"format-standard","5":"has-post-thumbnail","7":"category-actualidad","8":"tag-actualidad","9":"tag-antofagasta","10":"tag-david-pizarro","11":"tag-marca-personal","12":"tag-mauricio-pinilla","13":"tag-u-de-chile"},"_links":{"self":[{"href":"http:\/\/www.rincondelbulla.cl\/portal\/wp-json\/wp\/v2\/posts\/14072","targetHints":{"allow":["GET"]}}],"collection":[{"href":"http:\/\/www.rincondelbulla.cl\/portal\/wp-json\/wp\/v2\/posts"}],"about":[{"href":"http:\/\/www.rincondelbulla.cl\/portal\/wp-json\/wp\/v2\/types\/post"}],"author":[{"embeddable":true,"href":"http:\/\/www.rincondelbulla.cl\/portal\/wp-json\/wp\/v2\/users\/21398"}],"replies":[{"embeddable":true,"href":"http:\/\/www.rincondelbulla.cl\/portal\/wp-json\/wp\/v2\/comments?post=14072"}],"version-history":[{"count":1,"href":"http:\/\/www.rincondelbulla.cl\/portal\/wp-json\/wp\/v2\/posts\/14072\/revisions"}],"predecessor-version":[{"id":14075,"href":"http:\/\/www.rincondelbulla.cl\/portal\/wp-json\/wp\/v2\/posts\/14072\/revisions\/14075"}],"wp:featuredmedia":[{"embeddable":true,"href":"http:\/\/www.rincondelbulla.cl\/portal\/wp-json\/wp\/v2\/media\/14074"}],"wp:attachment":[{"href":"http:\/\/www.rincondelbulla.cl\/portal\/wp-json\/wp\/v2\/media?parent=14072"}],"wp:term":[{"taxonomy":"category","embeddable":true,"href":"http:\/\/www.rincondelbulla.cl\/portal\/wp-json\/wp\/v2\/categories?post=14072"},{"taxonomy":"post_tag","embeddable":true,"href":"http:\/\/www.rincondelbulla.cl\/portal\/wp-json\/wp\/v2\/tags?post=14072"}],"curies":[{"name":"wp","href":"https:\/\/api.w.org\/{rel}","templated":true}]}}